{"id":4430,"date":"2022-05-25T12:00:06","date_gmt":"2022-05-25T10:00:06","guid":{"rendered":"https:\/\/cftc-syntec.fr\/testimport\/flash-info-cftc-vacances-2022\/"},"modified":"2022-05-25T12:00:06","modified_gmt":"2022-05-25T10:00:06","slug":"flash-info-cftc-vacances-2022","status":"publish","type":"post","link":"https:\/\/cftc-syntec.fr\/testimport\/flash-info-cftc-vacances-2022\/","title":{"rendered":"FLASH INFO CFTC  VACANCES + 2022"},"content":{"rendered":"<p><strong>Une r\u00e9duction suppl\u00e9mentaire sur votre s\u00e9jour Coup de c\u0153ur<\/strong> <strong>du 28 mai et au 2 octobre 2022\u00a0!<\/strong><\/p>\n<p>P\u00e9rim\u00e8tre\u00a0:<\/p>\n<p>S\u00e9jours dans les villages-vacances Azureva,Voyages-s\u00e9jours Touloisirs \u00e0 l\u2019\u00e9tranger,S\u00e9jours Touloisirs en France,Camping \u2013 mobile home (C.O.S.\u00a0\/ camping F.S.A.S.P.T.T. des Blachas\u00a0\/ Village S\u00e9jour Accompagn\u00e9 d\u2019Allassac\u00a0\/ campings partenaires de Touloisirs).Coup de C\u0153ur Vacances D.R.O.M.<\/p>\n<p><em>Vacances + et Coup de C\u0153ur Vacances<\/em><em>\u00a0:<\/em><\/p>\n<p><strong>Le bonus Vacances + est obligatoirement adoss\u00e9 au Coup de C\u0153ur Cogas.<\/strong><\/p>\n<p>Le postier cumule ainsi les 2 aides sur un m\u00eame s\u00e9jour.<\/p>\n<p><em>Montant, reste \u00e0 charge<\/em><em>\u00a0:<\/em><\/p>\n<p>Le bonus Vacances + est de 75 \u20ac pour un s\u00e9jour de 1 \u00e0 6 nuit\u00e9es, de 150 \u20ac pour un s\u00e9jour de 7 nuit\u00e9es et pour les frais de transport des postiers ultramarins.<\/p>\n<p>Un minimum de 5% du prix du s\u00e9jour doit rester \u00e0 la charge du postier.<\/p>\n<p><em>R\u00e9troactivit\u00e9<\/em><em>\u00a0:<\/em><\/p>\n<p>Le bonus Vacances + est accord\u00e9 aux postiers ayant d\u00e9j\u00e0 r\u00e9serv\u00e9 un s\u00e9jour sur la p\u00e9riode du 28 mai au 2 octobre 2022. \u00a0<\/p>\n<p>Renseignements et conditions sur le Portail malin : <a href=\"https:\/\/www.portail-malin.com\/\">https:\/\/www.portail-malin.com<\/a><\/p>\n<p>Pour vous connecter\u00a0: Identifiant : offre\u00a0\u00a0 Mot de passe : sociale<\/p>\n<p><strong>La CFTC responsable, offensive et constructive\u00a0!<\/strong><\/p>\n<p>L\u2019article <a href=\"https:\/\/www.cftcmediaplus.fr\/postes\/flash-info-cftc-vacances-2022\/\">FLASH INFO CFTC  VACANCES + 2022<\/a> est apparu en premier sur <a href=\"https:\/\/www.cftcmediaplus.fr\/\">CFTC Media Plus<\/a>.<\/p>\n","protected":false},"excerpt":{"rendered":"<p>Une r\u00e9duction suppl\u00e9mentaire sur votre s\u00e9jour Coup de c\u0153ur du 28 mai et au 2 octobre 2022\u00a0! P\u00e9rim\u00e8tre\u00a0: S\u00e9jours dans les villages-vacances Azureva,Voyages-s\u00e9jours Touloisirs \u00e0 l\u2019\u00e9tranger,S\u00e9jours Touloisirs en France,Camping \u2013 mobile home (C.O.S.\u00a0\/ camping F.S.A.S.P.T.T. des Blachas\u00a0\/ Village S\u00e9jour Accompagn\u00e9 d\u2019Allassac\u00a0\/ campings partenaires de Touloisirs).Coup de C\u0153ur Vacances D.R.O.M. Vacances + et Coup de C\u0153ur [&hellip;]<\/p>\n","protected":false},"author":0,"featured_media":0,"comment_status":"open","ping_status":"open","sticky":false,"template":"","format":"standard","meta":[],"categories":[1],"tags":[],"_links":{"self":[{"href":"https:\/\/cftc-syntec.fr\/testimport\/wp-json\/wp\/v2\/posts\/4430"}],"collection":[{"href":"https:\/\/cftc-syntec.fr\/testimport\/wp-json\/wp\/v2\/posts"}],"about":[{"href":"https:\/\/cftc-syntec.fr\/testimport\/wp-json\/wp\/v2\/types\/post"}],"replies":[{"embeddable":true,"href":"https:\/\/cftc-syntec.fr\/testimport\/wp-json\/wp\/v2\/comments?post=4430"}],"version-history":[{"count":0,"href":"https:\/\/cftc-syntec.fr\/testimport\/wp-json\/wp\/v2\/posts\/4430\/revisions"}],"wp:attachment":[{"href":"https:\/\/cftc-syntec.fr\/testimport\/wp-json\/wp\/v2\/media?parent=4430"}],"wp:term":[{"taxonomy":"category","embeddable":true,"href":"https:\/\/cftc-syntec.fr\/testimport\/wp-json\/wp\/v2\/categories?post=4430"},{"taxonomy":"post_tag","embeddable":true,"href":"https:\/\/cftc-syntec.fr\/testimport\/wp-json\/wp\/v2\/tags?post=4430"}],"curies":[{"name":"wp","href":"https:\/\/api.w.org\/{rel}","templated":true}]}}