{"id":4432,"date":"2022-05-30T19:35:48","date_gmt":"2022-05-30T17:35:48","guid":{"rendered":"https:\/\/cftc-syntec.fr\/testimport\/elections-legislatives\/"},"modified":"2022-05-30T19:35:48","modified_gmt":"2022-05-30T17:35:48","slug":"elections-legislatives","status":"publish","type":"post","link":"https:\/\/cftc-syntec.fr\/testimport\/elections-legislatives\/","title":{"rendered":"\u00c9LECTIONS L\u00c9GISLATIVES"},"content":{"rendered":"<p>Lors des \u00e9lections pr\u00e9sidentielles, la CFTC a demand\u00e9 \u00e0 la Direction du Courrier que la distribution des plis \u00e9lectoraux en \u00e9tablissement soit compens\u00e9e \u00e0 sa juste valeur ! Nous avons obtenu des avanc\u00e9es qui tiennent compte de l\u2019investissement des posti\u00e8res et des postiers lors de cette p\u00e9riode \u00e9lectorale.<\/p>\n<p>Tout postier qui fait le choix de revenir sur un repos ou sur ses cong\u00e9s hors des d\u00e9lais fix\u00e9s par le Code du Travail, doit b\u00e9n\u00e9ficier d\u2019une prime de 15 euros par jour travaill\u00e9 lors du second tour des \u00e9lections l\u00e9gislatives.<\/p>\n<p>La CFTC revendique que tout agent rappel\u00e9 soit effectivement compens\u00e9, m\u00eame s\u2019il n\u2019est finalement pas fait appel \u00e0 ses services. Les postiers ne sont pas corv\u00e9ables \u00e0 merci et ne sont pas une variable d\u2019ajustement des organisations !<\/p>\n<p>La CFTC a conscience que la r\u00e9ussite de cette op\u00e9ration est primordiale pour notre entreprise. La CFTC veillera \u00e0 ce que la distribution des plis \u00e9lectoraux se fasse dans les meilleures conditions en respectant la qualit\u00e9 de vie au travail de chacun.<\/p>\n<p>La CFTC se bat pour les postiers ! L\u2019\u00e9quilibre Vie Priv\u00e9e\/Vie Professionnelle est une de nos priorit\u00e9s ! <\/p>\n<p> Bon \u00e0 savoir : Toute personne rappel\u00e9e sur un repos (premier ou second tour) sera pay\u00e9e en heures suppl\u00e9mentaires. Comme au second tour des \u00e9lections pr\u00e9sidentielles, tout agent rappel\u00e9, outre les heures suppl\u00e9mentaires, aura une prime de 15 euros par jour travaill\u00e9 lors du second tour des \u00e9lections l\u00e9gislatives.<\/p>\n<p>La CFTC demande : <\/p>\n<p>Que la p\u00e9riode des \u00e9lections l\u00e9gislative (premier et second tour) soit consid\u00e9r\u00e9e comme une \u00ab p\u00e9riode forte \u00bbQue les encadrants et les membres des CODIR soient compens\u00e9s \u00e0 hauteur du travail fourni <\/p>\n<p>La CFTC attache une importance particuli\u00e8re \u00e0 ce que tout postier rappel\u00e9 le soit en corr\u00e9lation avec le Droit du Travail, \u00e0 savoir s\u2019assurer du respect du d\u00e9lai de pr\u00e9venance<\/p>\n<p>L\u2019article <a href=\"https:\/\/www.cftcmediaplus.fr\/postes\/elections-legislatives\/\">\u00c9LECTIONS L\u00c9GISLATIVES<\/a> est apparu en premier sur <a href=\"https:\/\/www.cftcmediaplus.fr\/\">CFTC Media Plus<\/a>.<\/p>\n","protected":false},"excerpt":{"rendered":"<p>Lors des \u00e9lections pr\u00e9sidentielles, la CFTC a demand\u00e9 \u00e0 la Direction du Courrier que la distribution des plis \u00e9lectoraux en \u00e9tablissement soit compens\u00e9e \u00e0 sa juste valeur ! Nous avons obtenu des avanc\u00e9es qui tiennent compte de l\u2019investissement des posti\u00e8res et des postiers lors de cette p\u00e9riode \u00e9lectorale. Tout postier qui fait le choix de [&hellip;]<\/p>\n","protected":false},"author":0,"featured_media":0,"comment_status":"open","ping_status":"open","sticky":false,"template":"","format":"standard","meta":[],"categories":[1],"tags":[],"_links":{"self":[{"href":"https:\/\/cftc-syntec.fr\/testimport\/wp-json\/wp\/v2\/posts\/4432"}],"collection":[{"href":"https:\/\/cftc-syntec.fr\/testimport\/wp-json\/wp\/v2\/posts"}],"about":[{"href":"https:\/\/cftc-syntec.fr\/testimport\/wp-json\/wp\/v2\/types\/post"}],"replies":[{"embeddable":true,"href":"https:\/\/cftc-syntec.fr\/testimport\/wp-json\/wp\/v2\/comments?post=4432"}],"version-history":[{"count":0,"href":"https:\/\/cftc-syntec.fr\/testimport\/wp-json\/wp\/v2\/posts\/4432\/revisions"}],"wp:attachment":[{"href":"https:\/\/cftc-syntec.fr\/testimport\/wp-json\/wp\/v2\/media?parent=4432"}],"wp:term":[{"taxonomy":"category","embeddable":true,"href":"https:\/\/cftc-syntec.fr\/testimport\/wp-json\/wp\/v2\/categories?post=4432"},{"taxonomy":"post_tag","embeddable":true,"href":"https:\/\/cftc-syntec.fr\/testimport\/wp-json\/wp\/v2\/tags?post=4432"}],"curies":[{"name":"wp","href":"https:\/\/api.w.org\/{rel}","templated":true}]}}