{"id":4433,"date":"2022-05-31T10:35:52","date_gmt":"2022-05-31T08:35:52","guid":{"rendered":"https:\/\/cftc-syntec.fr\/testimport\/la-poste-colis-periode-estivale\/"},"modified":"2022-05-31T10:35:52","modified_gmt":"2022-05-31T08:35:52","slug":"la-poste-colis-periode-estivale","status":"publish","type":"post","link":"https:\/\/cftc-syntec.fr\/testimport\/la-poste-colis-periode-estivale\/","title":{"rendered":"La Poste : Colis, p\u00e9riode estivale"},"content":{"rendered":"<p>INTERDICTION DE CIRCULER les samedis 16, 23 et 30 juillet et les samedis 6, 13 et 20 ao\u00fbt. La circulation sera interdite pour les v\u00e9hicules, de PTAC de plus de 7.5 tonnes, affect\u00e9s aux transports routiers de marchandises de 7 \u00e0 19 heures sur l\u2019ensemble du r\u00e9seau routier.<\/p>\n<p>Impact du d\u00e9cret :<br \/>D\u2019une mani\u00e8re g\u00e9n\u00e9rale, il n\u2019y aura pas de liaisons dans la nuit du vendredi au samedi et pas d\u2019alimentation des PFC vers les sites de livraison en direct le lundi matin.<\/p>\n<p><strong>Organisation du lundi matin<\/strong><br \/>Agents de nuit : dans le cadre d\u2019une organisation du lundi au vendredi pas de changement pr\u00e9vu.<br \/>Agents de jour : les agents ne seront pas en production les samedis concern\u00e9s.<br \/>Les personnels de jour concern\u00e9s se verront proposer des am\u00e9nagements d\u2019horaire en fonction de leur r\u00e9gime de travail. <strong>Chaque agent doit \u00eatre re\u00e7u par son Chef d\u2019Equipe<\/strong><\/p>\n<p><strong>Organisation des week-ends<\/strong><br \/>Pas de changement pour les agents travaillant du lundi au vendredi. Pour les agents travaillant du mardi au samedi (vacation matin apr\u00e8s midi) : le repos, habituellement situ\u00e9 sur un autre jour que le samedi, sera chang\u00e9 et positionn\u00e9 le samedi de la m\u00eame semaine.<br \/>Pour les organisations de travail en cycle : les agents se verront proposer soit de d\u00e9caler le repos dans le cycle concern\u00e9 sur un samedi, soit de poser une journ\u00e9e (CA, RC ou autres) si le jour propos\u00e9 ne convient pas.<\/p>\n<p>La CFTC vous entend, vous d\u00e9fend pour que l\u2019application de ces dispositions soit conforme en veillant au respect des r\u00e8gles.<\/p>\n<p>Bon \u00e0 savoir :<br \/>\u2022 D\u00e9cret : 6 week-ends d\u2019interdiction de circuler<br \/>\u2022 Planning individuel de l\u2019agent avec modifications remis obligatoirement par le chef d\u2019\u00e9quipe<br \/><strong>ALERTE sur le lundi 15 ao\u00fbt : <\/strong><\/p>\n<p>Particularit\u00e9 du calendrier : Pour la semaine 33 du 14 au 20 aout, le lundi qui devient travaill\u00e9 dans le planning des agents concern\u00e9s est f\u00e9ri\u00e9.<br \/>Pour la CFTC pas de r\u00e9cup\u00e9ration \u00e0 envisager d\u2019autant plus que ce changement est impos\u00e9 par la Direction.<br \/>Pas d\u2019am\u00e9nagements d\u2019horaires non plus pour compenser ce lundi f\u00e9ri\u00e9.<br \/>Soyons simples et logique<\/p>\n<p>La CFTC consid\u00e8re qu\u2019aucune r\u00e9cup\u00e9ration en heures ou en minutes ne peut \u00eatre exig\u00e9e sous pr\u00e9texte du d\u00e9calage impos\u00e9 du samedi jour habituel de repos au lundi de la m\u00eame semaine.<\/p>\n<p>L\u2019article <a href=\"https:\/\/www.cftcmediaplus.fr\/postes\/la-poste-colis-periode-estivale\/\">La Poste : Colis, p\u00e9riode estivale<\/a> est apparu en premier sur <a href=\"https:\/\/www.cftcmediaplus.fr\/\">CFTC Media Plus<\/a>.<\/p>\n","protected":false},"excerpt":{"rendered":"<p>INTERDICTION DE CIRCULER les samedis 16, 23 et 30 juillet et les samedis 6, 13 et 20 ao\u00fbt. La circulation sera interdite pour les v\u00e9hicules, de PTAC de plus de 7.5 tonnes, affect\u00e9s aux transports routiers de marchandises de 7 \u00e0 19 heures sur l\u2019ensemble du r\u00e9seau routier. Impact du d\u00e9cret :D\u2019une mani\u00e8re g\u00e9n\u00e9rale, il [&hellip;]<\/p>\n","protected":false},"author":0,"featured_media":0,"comment_status":"open","ping_status":"open","sticky":false,"template":"","format":"standard","meta":[],"categories":[1],"tags":[],"_links":{"self":[{"href":"https:\/\/cftc-syntec.fr\/testimport\/wp-json\/wp\/v2\/posts\/4433"}],"collection":[{"href":"https:\/\/cftc-syntec.fr\/testimport\/wp-json\/wp\/v2\/posts"}],"about":[{"href":"https:\/\/cftc-syntec.fr\/testimport\/wp-json\/wp\/v2\/types\/post"}],"replies":[{"embeddable":true,"href":"https:\/\/cftc-syntec.fr\/testimport\/wp-json\/wp\/v2\/comments?post=4433"}],"version-history":[{"count":0,"href":"https:\/\/cftc-syntec.fr\/testimport\/wp-json\/wp\/v2\/posts\/4433\/revisions"}],"wp:attachment":[{"href":"https:\/\/cftc-syntec.fr\/testimport\/wp-json\/wp\/v2\/media?parent=4433"}],"wp:term":[{"taxonomy":"category","embeddable":true,"href":"https:\/\/cftc-syntec.fr\/testimport\/wp-json\/wp\/v2\/categories?post=4433"},{"taxonomy":"post_tag","embeddable":true,"href":"https:\/\/cftc-syntec.fr\/testimport\/wp-json\/wp\/v2\/tags?post=4433"}],"curies":[{"name":"wp","href":"https:\/\/api.w.org\/{rel}","templated":true}]}}