{"id":4436,"date":"2022-06-01T13:01:07","date_gmt":"2022-06-01T11:01:07","guid":{"rendered":"https:\/\/cftc-syntec.fr\/testimport\/le-snpelac-en-ag\/"},"modified":"2022-06-01T13:01:07","modified_gmt":"2022-06-01T11:01:07","slug":"le-snpelac-en-ag","status":"publish","type":"post","link":"https:\/\/cftc-syntec.fr\/testimport\/le-snpelac-en-ag\/","title":{"rendered":"Le SNPELAC en AG"},"content":{"rendered":"<p>Le 31 mai 2022 a eu lieu l\u2019Assembl\u00e9e G\u00e9n\u00e9rale du Syndicat National du Personnel de l\u2019 Edition de la Librairie et des Activit\u00e9s Connexes CFTC, le SNPELAC, \u00e0 Tours. <\/p>\n<\/p>\n<p>En pr\u00e9sence des repr\u00e9sentants du secteur CFTC du papier-carton et des repr\u00e9sentants de la F\u00e9d\u00e9ration CFTC Media+<\/p>\n<p>L\u2019article <a href=\"https:\/\/www.cftcmediaplus.fr\/edition\/le-snpelac-en-ag\/\">Le SNPELAC en AG<\/a> est apparu en premier sur <a href=\"https:\/\/www.cftcmediaplus.fr\/\">CFTC Media Plus<\/a>.<\/p>\n","protected":false},"excerpt":{"rendered":"<p>Le 31 mai 2022 a eu lieu l\u2019Assembl\u00e9e G\u00e9n\u00e9rale du Syndicat National du Personnel de l\u2019 Edition de la Librairie et des Activit\u00e9s Connexes CFTC, le SNPELAC, \u00e0 Tours. En pr\u00e9sence des repr\u00e9sentants du secteur CFTC du papier-carton et des repr\u00e9sentants de la F\u00e9d\u00e9ration CFTC Media+ L\u2019article Le SNPELAC en AG est apparu en premier [&hellip;]<\/p>\n","protected":false},"author":0,"featured_media":0,"comment_status":"open","ping_status":"open","sticky":false,"template":"","format":"standard","meta":[],"categories":[1],"tags":[],"_links":{"self":[{"href":"https:\/\/cftc-syntec.fr\/testimport\/wp-json\/wp\/v2\/posts\/4436"}],"collection":[{"href":"https:\/\/cftc-syntec.fr\/testimport\/wp-json\/wp\/v2\/posts"}],"about":[{"href":"https:\/\/cftc-syntec.fr\/testimport\/wp-json\/wp\/v2\/types\/post"}],"replies":[{"embeddable":true,"href":"https:\/\/cftc-syntec.fr\/testimport\/wp-json\/wp\/v2\/comments?post=4436"}],"version-history":[{"count":0,"href":"https:\/\/cftc-syntec.fr\/testimport\/wp-json\/wp\/v2\/posts\/4436\/revisions"}],"wp:attachment":[{"href":"https:\/\/cftc-syntec.fr\/testimport\/wp-json\/wp\/v2\/media?parent=4436"}],"wp:term":[{"taxonomy":"category","embeddable":true,"href":"https:\/\/cftc-syntec.fr\/testimport\/wp-json\/wp\/v2\/categories?post=4436"},{"taxonomy":"post_tag","embeddable":true,"href":"https:\/\/cftc-syntec.fr\/testimport\/wp-json\/wp\/v2\/tags?post=4436"}],"curies":[{"name":"wp","href":"https:\/\/api.w.org\/{rel}","templated":true}]}}