{"id":4451,"date":"2022-06-22T17:17:24","date_gmt":"2022-06-22T15:17:24","guid":{"rendered":"https:\/\/cftc-syntec.fr\/testimport\/irene-est-partie\/"},"modified":"2022-06-22T17:17:24","modified_gmt":"2022-06-22T15:17:24","slug":"irene-est-partie","status":"publish","type":"post","link":"https:\/\/cftc-syntec.fr\/testimport\/irene-est-partie\/","title":{"rendered":"Ir\u00e8ne est partie"},"content":{"rendered":"<p>La section nationale Mediapost, le secteur des Postes et la F\u00e9d\u00e9ration Media+ ont la profonde tristesse de vous faire part du d\u00e9c\u00e8s d\u2019Ir\u00e8ne Allary survenu le jeudi 9 juin 2022.<\/p>\n<p>Ir\u00e8ne \u00e9tait pr\u00e9sidente de la section nationale Mediapost, r\u00e9\u00e9lue lors la derni\u00e8re assembl\u00e9e g\u00e9n\u00e9rale le 8 mars dernier.<\/p>\n<p>Militante infatigable et exemplaire au sein de la section et du secteur, elle a inlassablement d\u00e9fendu les positions et les valeurs de la CFTC ainsi que les int\u00e9r\u00eats des salari\u00e9s de l\u2019entreprise toutes ces derni\u00e8res ann\u00e9es. La F\u00e9d\u00e9ration pr\u00e9sente ses sinc\u00e8res condol\u00e9ances \u00e0 la famille et aux proches d\u2019Ir\u00e8ne et s\u2019associe \u00e0 leur peine. Ir\u00e8ne restera pour nous tous une source constante d\u2019inspiration.<\/p>\n<p>L\u2019article <a href=\"https:\/\/www.cftcmediaplus.fr\/federation\/irene-est-partie\/\">Ir\u00e8ne est partie<\/a> est apparu en premier sur <a href=\"https:\/\/www.cftcmediaplus.fr\/\">CFTC Media Plus<\/a>.<\/p>\n","protected":false},"excerpt":{"rendered":"<p>La section nationale Mediapost, le secteur des Postes et la F\u00e9d\u00e9ration Media+ ont la profonde tristesse de vous faire part du d\u00e9c\u00e8s d\u2019Ir\u00e8ne Allary survenu le jeudi 9 juin 2022. Ir\u00e8ne \u00e9tait pr\u00e9sidente de la section nationale Mediapost, r\u00e9\u00e9lue lors la derni\u00e8re assembl\u00e9e g\u00e9n\u00e9rale le 8 mars dernier. Militante infatigable et exemplaire au sein de [&hellip;]<\/p>\n","protected":false},"author":0,"featured_media":0,"comment_status":"open","ping_status":"open","sticky":false,"template":"","format":"standard","meta":[],"categories":[1],"tags":[],"_links":{"self":[{"href":"https:\/\/cftc-syntec.fr\/testimport\/wp-json\/wp\/v2\/posts\/4451"}],"collection":[{"href":"https:\/\/cftc-syntec.fr\/testimport\/wp-json\/wp\/v2\/posts"}],"about":[{"href":"https:\/\/cftc-syntec.fr\/testimport\/wp-json\/wp\/v2\/types\/post"}],"replies":[{"embeddable":true,"href":"https:\/\/cftc-syntec.fr\/testimport\/wp-json\/wp\/v2\/comments?post=4451"}],"version-history":[{"count":0,"href":"https:\/\/cftc-syntec.fr\/testimport\/wp-json\/wp\/v2\/posts\/4451\/revisions"}],"wp:attachment":[{"href":"https:\/\/cftc-syntec.fr\/testimport\/wp-json\/wp\/v2\/media?parent=4451"}],"wp:term":[{"taxonomy":"category","embeddable":true,"href":"https:\/\/cftc-syntec.fr\/testimport\/wp-json\/wp\/v2\/categories?post=4451"},{"taxonomy":"post_tag","embeddable":true,"href":"https:\/\/cftc-syntec.fr\/testimport\/wp-json\/wp\/v2\/tags?post=4451"}],"curies":[{"name":"wp","href":"https:\/\/api.w.org\/{rel}","templated":true}]}}