{"id":4452,"date":"2022-06-23T12:02:41","date_gmt":"2022-06-23T10:02:41","guid":{"rendered":"https:\/\/cftc-syntec.fr\/testimport\/comdata\/"},"modified":"2022-06-23T12:02:41","modified_gmt":"2022-06-23T10:02:41","slug":"comdata","status":"publish","type":"post","link":"https:\/\/cftc-syntec.fr\/testimport\/comdata\/","title":{"rendered":"Comdata :"},"content":{"rendered":"<p>On s\u2019\u00e9tait dit RDV dans\u2026RDV manqu\u00e9<\/p>\n<\/p>\n<p>Par o\u00f9 commencer !!!! ???<br \/>La direction a tent\u00e9 de nous faire croire que ce qu\u2019elle nous proposait \u00e9tait quelque chose d\u2019extraordinaire. Nous \u00e9tions tout ou\u00efe, et l\u00e0, catastrophe\u2026 Les explications euh\u2026les complications commencent !<br \/>La Direction propose une enveloppe de 500000\u20ac.<br \/>Les salari\u00e9s concern\u00e9s sont ceux qui en ont le plus besoin d\u2019apr\u00e8s la Direction. A la louche (et d\u2019apr\u00e8s la Direction), 3000<br \/>salari\u00e9s seraient \u00e9ligibles.<br \/>Le versement se ferait sous la forme d\u2019une prime dans le cadre<br \/>de la loi Macron, en supposant que le gouvernement reconduise<br \/>le dispositif :<br \/>\u27a2 Dans la limite de 350\u20ac<br \/>\u27a2 \u00c0 condition d\u2019\u00eatre \u00e0 temps plein,<br \/>\u27a2 \u00c0 condition d\u2019avoir \u00e9t\u00e9 pr\u00e9sent toute l\u2019ann\u00e9e,<br \/>\u27a2 \u00c0 condition que les salari\u00e9s ne d\u00e9passent pas un salaire<br \/>de 1800\u20ac brut par mois ou 20800\u20ac brut par an \u2026.<br \/>Bref, on vous a pr\u00e9venu, \u00e7a se complique \u2026. Concr\u00e8tement, si tu ne rentres pas dans une<br \/>des conditions, tu auras \u2026.. pas grand-chose ou rien !!!!! A toi de voir, sinon tu peux faire<br \/>des heures sups d\u2019apr\u00e8s la Direction pour gagner plus \u2026.<br \/>Les calculs ne sont pas bons Guillaume !!!!<br \/>Vos organisations syndicales ont bien entendu rappel\u00e9 \u00e0 la<br \/>Direction que les salari\u00e9s attendaient un geste fort de sa part,<br \/>\u00e0 l\u2019heure o\u00f9 le pouvoir d\u2019achat est en constante r\u00e9gression.<br \/>Nous avons demand\u00e9 le doublement de l\u2019enveloppe, avec un<br \/>versement imm\u00e9diat, \u00e0 tous les employ\u00e9s et agents de ma\u00eetrises<br \/>sans crit\u00e8res de pond\u00e9ration.<\/p>\n<p>L\u2019article <a href=\"https:\/\/www.cftcmediaplus.fr\/federation\/comdata\/\">Comdata :<\/a> est apparu en premier sur <a href=\"https:\/\/www.cftcmediaplus.fr\/\">CFTC Media Plus<\/a>.<\/p>\n","protected":false},"excerpt":{"rendered":"<p>On s\u2019\u00e9tait dit RDV dans\u2026RDV manqu\u00e9 Par o\u00f9 commencer !!!! ???La direction a tent\u00e9 de nous faire croire que ce qu\u2019elle nous proposait \u00e9tait quelque chose d\u2019extraordinaire. Nous \u00e9tions tout ou\u00efe, et l\u00e0, catastrophe\u2026 Les explications euh\u2026les complications commencent !La Direction propose une enveloppe de 500000\u20ac.Les salari\u00e9s concern\u00e9s sont ceux qui en ont le plus [&hellip;]<\/p>\n","protected":false},"author":0,"featured_media":0,"comment_status":"open","ping_status":"open","sticky":false,"template":"","format":"standard","meta":[],"categories":[1],"tags":[],"_links":{"self":[{"href":"https:\/\/cftc-syntec.fr\/testimport\/wp-json\/wp\/v2\/posts\/4452"}],"collection":[{"href":"https:\/\/cftc-syntec.fr\/testimport\/wp-json\/wp\/v2\/posts"}],"about":[{"href":"https:\/\/cftc-syntec.fr\/testimport\/wp-json\/wp\/v2\/types\/post"}],"replies":[{"embeddable":true,"href":"https:\/\/cftc-syntec.fr\/testimport\/wp-json\/wp\/v2\/comments?post=4452"}],"version-history":[{"count":0,"href":"https:\/\/cftc-syntec.fr\/testimport\/wp-json\/wp\/v2\/posts\/4452\/revisions"}],"wp:attachment":[{"href":"https:\/\/cftc-syntec.fr\/testimport\/wp-json\/wp\/v2\/media?parent=4452"}],"wp:term":[{"taxonomy":"category","embeddable":true,"href":"https:\/\/cftc-syntec.fr\/testimport\/wp-json\/wp\/v2\/categories?post=4452"},{"taxonomy":"post_tag","embeddable":true,"href":"https:\/\/cftc-syntec.fr\/testimport\/wp-json\/wp\/v2\/tags?post=4452"}],"curies":[{"name":"wp","href":"https:\/\/api.w.org\/{rel}","templated":true}]}}