{"id":4454,"date":"2022-06-23T18:10:35","date_gmt":"2022-06-23T16:10:35","guid":{"rendered":"https:\/\/cftc-syntec.fr\/testimport\/comdata-rendez-vous-manque\/"},"modified":"2022-06-23T18:10:35","modified_gmt":"2022-06-23T16:10:35","slug":"comdata-rendez-vous-manque","status":"publish","type":"post","link":"https:\/\/cftc-syntec.fr\/testimport\/comdata-rendez-vous-manque\/","title":{"rendered":"Comdata : Rendez-vous manqu\u00e9 ?"},"content":{"rendered":"<\/p>\n<p>Vos organisations syndicales ont rencontr\u00e9 la Direction mardi soir suite au mouvement de gr\u00e8ve du 5 mai. Cette derni\u00e8re nous informe qu\u2019elle n\u2019est pas venue n\u00e9gocier mais uniquement pour parler avec les partenaires sociaux !<\/p>\n<p>Pour faire court, apr\u00e8s nous avoir fait un cours d\u2019\u00e9conomie et rappel\u00e9 que l\u2019entreprise ne gagne pas grand-chose, la Direction a besoin de quelques jours pour faire une proposition \u2026.<\/p>\n<p>Ils nous ont fait remarquer que nos revendications sont de nature \u00e0 faire fermer la bo\u00eete et ont rajout\u00e9 que ce n\u2019\u00e9tait que pure provocation de notre part !!!<\/p>\n<p>Vos organisations syndicales leur ont laiss\u00e9 le temps de revenir avec une proposition \u2026<br \/>Nous reviendrons vers vous d\u00e8s que nous aurons plus d\u2019infos.<\/p>\n<p>L\u2019article <a href=\"https:\/\/www.cftcmediaplus.fr\/telecoms\/comdata-rendez-vous-manque\/\">Comdata : Rendez-vous manqu\u00e9 ?<\/a> est apparu en premier sur <a href=\"https:\/\/www.cftcmediaplus.fr\/\">CFTC Media Plus<\/a>.<\/p>\n","protected":false},"excerpt":{"rendered":"<p>Vos organisations syndicales ont rencontr\u00e9 la Direction mardi soir suite au mouvement de gr\u00e8ve du 5 mai. Cette derni\u00e8re nous informe qu\u2019elle n\u2019est pas venue n\u00e9gocier mais uniquement pour parler avec les partenaires sociaux ! Pour faire court, apr\u00e8s nous avoir fait un cours d\u2019\u00e9conomie et rappel\u00e9 que l\u2019entreprise ne gagne pas grand-chose, la Direction [&hellip;]<\/p>\n","protected":false},"author":0,"featured_media":0,"comment_status":"open","ping_status":"open","sticky":false,"template":"","format":"standard","meta":[],"categories":[1],"tags":[],"_links":{"self":[{"href":"https:\/\/cftc-syntec.fr\/testimport\/wp-json\/wp\/v2\/posts\/4454"}],"collection":[{"href":"https:\/\/cftc-syntec.fr\/testimport\/wp-json\/wp\/v2\/posts"}],"about":[{"href":"https:\/\/cftc-syntec.fr\/testimport\/wp-json\/wp\/v2\/types\/post"}],"replies":[{"embeddable":true,"href":"https:\/\/cftc-syntec.fr\/testimport\/wp-json\/wp\/v2\/comments?post=4454"}],"version-history":[{"count":0,"href":"https:\/\/cftc-syntec.fr\/testimport\/wp-json\/wp\/v2\/posts\/4454\/revisions"}],"wp:attachment":[{"href":"https:\/\/cftc-syntec.fr\/testimport\/wp-json\/wp\/v2\/media?parent=4454"}],"wp:term":[{"taxonomy":"category","embeddable":true,"href":"https:\/\/cftc-syntec.fr\/testimport\/wp-json\/wp\/v2\/categories?post=4454"},{"taxonomy":"post_tag","embeddable":true,"href":"https:\/\/cftc-syntec.fr\/testimport\/wp-json\/wp\/v2\/tags?post=4454"}],"curies":[{"name":"wp","href":"https:\/\/api.w.org\/{rel}","templated":true}]}}