{"id":4456,"date":"2022-06-27T10:54:31","date_gmt":"2022-06-27T08:54:31","guid":{"rendered":"https:\/\/cftc-syntec.fr\/testimport\/oui-pub-le-comite-devaluation-est-mis-en-place\/"},"modified":"2022-06-27T10:54:31","modified_gmt":"2022-06-27T08:54:31","slug":"oui-pub-le-comite-devaluation-est-mis-en-place","status":"publish","type":"post","link":"https:\/\/cftc-syntec.fr\/testimport\/oui-pub-le-comite-devaluation-est-mis-en-place\/","title":{"rendered":"Oui pub: le comit\u00e9 d\u2019\u00e9valuation est mis en place"},"content":{"rendered":"<p>Le Minist\u00e8re de la Transition Ecologique et de la Coh\u00e9sion des Territoires a publi\u00e9 par arr\u00eat\u00e9 le 24 Juin 2022 la liste des membres du comit\u00e9 de pilotage et du comit\u00e9 d\u2019\u00e9valuation de l\u2019exp\u00e9rimentation du dispositif interdisant la distribution d\u2019imprim\u00e9s publicitaires non adress\u00e9s, en l\u2019absence d\u2019une mention expresse et visible sur la boite aux lettres \u00ab\u00a0Oui Pub\u00a0\u00bb. <\/p>\n<p>Le 1er mai 2022, la premi\u00e8re phase de l\u2019exp\u00e9rimentation dite \u00ab\u00a0Oui Pub\u00a0\u00bb\u00a0 a \u00e9t\u00e9 lanc\u00e9e. La restriction de diffusion des imprim\u00e9s publicitaires sans adresse (IPSA) sera effective dans 13 territoires \u00e0 partir du 1er septembre 2022. <\/p>\n<p>2 territoires suppl\u00e9mentaires rejoindront l\u2019exp\u00e9rimentation en d\u00e9cembre 2022 (restrictions de diffusion applicables en f\u00e9vrier 2023).<\/p>\n<p>Pour la CFTC, le membre expert nomm\u00e9 au titre de ses comp\u00e9tences dans la commission d\u2019\u00e9valuation, est d\u00e9sormais Mo\u00ebz Thabet, puisque notre syndicat est repr\u00e9sentatif dans l\u2019IDCC 3224, de la branche du papier-carton.<\/p>\n<p><strong>Seront particuli\u00e8rement regard\u00e9s : <\/strong><\/p>\n<p>Le protocole national de l\u2019exp\u00e9rimentationLe cadre g\u00e9n\u00e9ral d\u2019\u00e9valuation de l\u2019exp\u00e9rimentationLes dispositifs de soutien \u00e0 l\u2019emploi mobilisables dans le cadre de l\u2019exp\u00e9rimentation<\/p>\n<p>Les organisations sy\u00adndicales repr\u00e9sentat\u00adives des branches pa\u00adpier-carton ont d\u00e9co\u00aduvert avec \u00e9tonnement que les partenaires sociaux n\u2019\u00e9taient pas int\u00e9gr\u00e9s dans les comit\u00e9s de suivi. \u200b<\/p>\n<p>Compte tenu de l\u2019im\u00adpact majeur sur l\u2019em\u00adploi que p\u00e8se cette exp\u00e9rimentation, sur\u00adtout si celle-ci dev\u00adait \u00eatre g\u00e9n\u00e9ralis\u00e9e, les organisations syndicales de la branc\u00adhe ont fait part de leurs commentaires en ce sens au CGDD (C\u00adommissaire g\u00e9n\u00e9ral au d\u00e9veloppement dura\u00adble) et \u00e0 l\u2019ADEME (A\u00adgence De l\u2019Environne\u00adment et de la Ma\u00eetri\u00adse de l\u2019\u00c9nergie).<\/p>\n<p>L\u2019article <a href=\"https:\/\/www.cftcmediaplus.fr\/postes\/oui-pub-le-comite-devaluation-est-mis-en-place\/\">Oui pub: le comit\u00e9 d\u2019\u00e9valuation est mis en place<\/a> est apparu en premier sur <a href=\"https:\/\/www.cftcmediaplus.fr\/\">CFTC Media Plus<\/a>.<\/p>\n","protected":false},"excerpt":{"rendered":"<p>Le Minist\u00e8re de la Transition Ecologique et de la Coh\u00e9sion des Territoires a publi\u00e9 par arr\u00eat\u00e9 le 24 Juin 2022 la liste des membres du comit\u00e9 de pilotage et du comit\u00e9 d\u2019\u00e9valuation de l\u2019exp\u00e9rimentation du dispositif interdisant la distribution d\u2019imprim\u00e9s publicitaires non adress\u00e9s, en l\u2019absence d\u2019une mention expresse et visible sur la boite aux lettres [&hellip;]<\/p>\n","protected":false},"author":0,"featured_media":0,"comment_status":"open","ping_status":"open","sticky":false,"template":"","format":"standard","meta":[],"categories":[1],"tags":[],"_links":{"self":[{"href":"https:\/\/cftc-syntec.fr\/testimport\/wp-json\/wp\/v2\/posts\/4456"}],"collection":[{"href":"https:\/\/cftc-syntec.fr\/testimport\/wp-json\/wp\/v2\/posts"}],"about":[{"href":"https:\/\/cftc-syntec.fr\/testimport\/wp-json\/wp\/v2\/types\/post"}],"replies":[{"embeddable":true,"href":"https:\/\/cftc-syntec.fr\/testimport\/wp-json\/wp\/v2\/comments?post=4456"}],"version-history":[{"count":0,"href":"https:\/\/cftc-syntec.fr\/testimport\/wp-json\/wp\/v2\/posts\/4456\/revisions"}],"wp:attachment":[{"href":"https:\/\/cftc-syntec.fr\/testimport\/wp-json\/wp\/v2\/media?parent=4456"}],"wp:term":[{"taxonomy":"category","embeddable":true,"href":"https:\/\/cftc-syntec.fr\/testimport\/wp-json\/wp\/v2\/categories?post=4456"},{"taxonomy":"post_tag","embeddable":true,"href":"https:\/\/cftc-syntec.fr\/testimport\/wp-json\/wp\/v2\/tags?post=4456"}],"curies":[{"name":"wp","href":"https:\/\/api.w.org\/{rel}","templated":true}]}}