{"id":4459,"date":"2022-06-28T13:45:03","date_gmt":"2022-06-28T11:45:03","guid":{"rendered":"https:\/\/cftc-syntec.fr\/testimport\/suppression-de-la-contribution-a-laudiovisuel-public-tous-en-greve\/"},"modified":"2022-06-28T13:45:03","modified_gmt":"2022-06-28T11:45:03","slug":"suppression-de-la-contribution-a-laudiovisuel-public-tous-en-greve","status":"publish","type":"post","link":"https:\/\/cftc-syntec.fr\/testimport\/suppression-de-la-contribution-a-laudiovisuel-public-tous-en-greve\/","title":{"rendered":"Suppression de la contribution \u00e0 l\u2019audiovisuel public : tous en gr\u00e8ve"},"content":{"rendered":"<p>Les syndicats de l\u2019audiovisuel public appellent \u00e0 une journ\u00e9e de gr\u00e8ve et de manifestations contre le projet de suppression de la contribution \u00e0 l\u2019audiovisuel public (CAP, ex-redevance) le mardi 28 juin.<\/p>\n<p><strong>\u00c0 Paris la manifestation partira \u00e0 12h de Montparnasse pour se rendre vers l\u2019Assembl\u00e9e nationale o\u00f9 sera organis\u00e9 un point presse <\/strong><strong>\u00e0 14h<\/strong> (<em>lieu \u00e0 confirmer, nous transmettrons l\u2019information rapidement le point d\u2019arriv\u00e9e \u00e9tant encore en discussion avec la pr\u00e9fecture qui n\u2019a pas encore r\u00e9pondu \u00e0 une demande effectu\u00e9e pourtant le 7 mai dernier\u2026<\/em>).<\/p>\n<p><strong>La d\u00e9fense de la contribution \u00e0 l\u2019audiovisuel public (CAP ex-redevance),<\/strong><\/p>\n<p><strong>c\u2019est d\u00e9fendre l\u2019ind\u00e9pendance du service public audiovisuel et son r\u00f4le majeur pour la culture et l\u2019information<\/strong><strong>.<\/strong><\/p>\n<p><strong>Les syndicats CGT, CFDT, FO, SNJ, SUD, UNSA, CGC et CFTC appellent au rassemblement mardi 28 juin 2022 \u00e0 partir de<\/strong> <strong>12H00 Place du 18 juin 1940 \u00e0 Paris (Montparnasse)<\/strong><\/p>\n<p>Lors de la campagne pr\u00e9sidentielle, de nombreux candidats c\u00e9dant \u00e0 la surench\u00e8re de d\u00e9clarations d\u00e9magogiques, proposaient comme mesures phares dans leurs programmes la privatisation totale ou partielle de l\u2019audiovisuel public et\/ou la suppression de la Contribution \u00e0 l\u2019audiovisuel public qui assure son financement.<\/p>\n<p>L\u2019audiovisuel public est un acteur majeur de l\u2019\u00e9cosyst\u00e8me audiovisuel fran\u00e7ais, en mati\u00e8re de documentaires, de d\u00e9bats, de programmes culturels, de fictions, d\u2019animation et de cin\u00e9ma et d\u2019information, que ce soit \u00e0 la radio, \u00e0 la t\u00e9l\u00e9vision et sur leurs plateformes de contenus.<\/p>\n<p>Il permet de faire rayonner la culture dans sa diversit\u00e9, en France, \u00e0 travers l\u2019Europe et dans le monde.<\/p>\n<p>Il est aussi le garant d\u2019une information plurielle et ind\u00e9pendante \u00e0 l\u2019heure des grandes concentrations de m\u00e9dias aux mains de magnats \u00e9conomiques sans scrupules. Il est r\u00e9guli\u00e8rement pl\u00e9biscit\u00e9 par les auditeur\u00b7trices et t\u00e9l\u00e9spectateur\u00b7trices et r\u00e9alise parmi les meilleures audiences dans chacun de ses domaines.\u00a0<\/p>\n<p>Il permet \u00e9galement l\u2019exposition de programmes d\u00e9connect\u00e9s de l\u2019audimat, sur des th\u00e8mes moins grand public ou concernant des sports plus confidentiels afin de refl\u00e9ter au mieux toute la diversit\u00e9 de notre soci\u00e9t\u00e9. Pour ceux qui devaient payer la redevance le montant par jour \u00e9tait moins de 38 centimes par jour pour la m\u00e9tropole et moins de 24 centimes par jour pour l\u2019outre-mer.<\/p>\n<p>L\u2019audiovisuel public, ce sont des milliers de salari\u00e9\u00b7es investi\u00b7es dans les missions de service public qui leurs ont \u00e9t\u00e9 confi\u00e9es. Des femmes et des hommes qui seraient les premiers \u00e0 subir les cons\u00e9quences de ces mesures.<\/p>\n<p>Pour garantir son ind\u00e9pendance et son financement, son budget ne peut pas \u00eatre d\u00e9cid\u00e9 par le gouvernement et soumis aux al\u00e9as du vote des lois de finance annuelles. Il doit disposer d\u2019une ressource affect\u00e9e, garantissant au mieux son ind\u00e9pendance \u00e9conomique et politique tant en termes d\u2019information que de diversit\u00e9 culturelle.<\/p>\n<p><strong>Nous d\u00e9fendons un service public de l\u2019audiovisuel fort. \u00c0 cette fin, il est indispensable qu\u2019il b\u00e9n\u00e9ficie d\u2019un financement ad\u00e9quat (\u00e0 la hauteur des enjeux actuels), dynamique et progressif (pour lui permettre de faire face aux d\u00e9fis de demain) et p\u00e9renne avec une ressource affect\u00e9e, seule \u00e0 m\u00eame de lui permettre de remplir ses missions de service public : informer, \u00e9duquer et distraire au service de toutes et tous les citoyen\u00b7nes.<\/strong><\/p>\n<p><strong>Les syndicats CGT, CFDT, FO, SNJ, SUD, UNSA, CGC et CFTC appellent donc au rassemblement mardi 28 juin 2022<\/strong> <strong>\u00e0 partir de 12H Place du 18 juin 1940 (Montparnasse)<\/strong> <strong>pour un d\u00e9fil\u00e9 jusqu\u2019\u00e0 l\u2019Assembl\u00e9e Nationale.A Paris et en r\u00e9gion\u00a0:<\/strong><\/p>\n<p><strong>Toutes et tous en gr\u00e8ve pour soutenir l\u2019Audiovisuel Public\u00a0!<\/strong><\/p>\n<p><strong>Publiez sur les r\u00e9seaux sociaux sous la banni\u00e8re<\/strong><\/p>\n<p><strong>#TouchePasAuxMediasPublics<\/strong><\/p>\n<p><strong>Signez la p\u00e9tition\u00a0:<\/strong><\/p>\n<p><a href=\"https:\/\/www.petitionenligne.net\/defendrecap\">https:\/\/www.petitionenligne.net\/defendrecap<\/a><\/p>\n<p>L\u2019article <a href=\"https:\/\/www.cftcmediaplus.fr\/audiovisuel\/suppression-de-la-contribution-a-laudiovisuel-public-tous-en-greve\/\">Suppression de la contribution \u00e0 l\u2019audiovisuel public : tous en gr\u00e8ve<\/a> est apparu en premier sur <a href=\"https:\/\/www.cftcmediaplus.fr\/\">CFTC Media Plus<\/a>.<\/p>\n","protected":false},"excerpt":{"rendered":"<p>Les syndicats de l\u2019audiovisuel public appellent \u00e0 une journ\u00e9e de gr\u00e8ve et de manifestations contre le projet de suppression de la contribution \u00e0 l\u2019audiovisuel public (CAP, ex-redevance) le mardi 28 juin. \u00c0 Paris la manifestation partira \u00e0 12h de Montparnasse pour se rendre vers l\u2019Assembl\u00e9e nationale o\u00f9 sera organis\u00e9 un point presse \u00e0 14h (lieu [&hellip;]<\/p>\n","protected":false},"author":0,"featured_media":0,"comment_status":"open","ping_status":"open","sticky":false,"template":"","format":"standard","meta":[],"categories":[1],"tags":[],"_links":{"self":[{"href":"https:\/\/cftc-syntec.fr\/testimport\/wp-json\/wp\/v2\/posts\/4459"}],"collection":[{"href":"https:\/\/cftc-syntec.fr\/testimport\/wp-json\/wp\/v2\/posts"}],"about":[{"href":"https:\/\/cftc-syntec.fr\/testimport\/wp-json\/wp\/v2\/types\/post"}],"replies":[{"embeddable":true,"href":"https:\/\/cftc-syntec.fr\/testimport\/wp-json\/wp\/v2\/comments?post=4459"}],"version-history":[{"count":0,"href":"https:\/\/cftc-syntec.fr\/testimport\/wp-json\/wp\/v2\/posts\/4459\/revisions"}],"wp:attachment":[{"href":"https:\/\/cftc-syntec.fr\/testimport\/wp-json\/wp\/v2\/media?parent=4459"}],"wp:term":[{"taxonomy":"category","embeddable":true,"href":"https:\/\/cftc-syntec.fr\/testimport\/wp-json\/wp\/v2\/categories?post=4459"},{"taxonomy":"post_tag","embeddable":true,"href":"https:\/\/cftc-syntec.fr\/testimport\/wp-json\/wp\/v2\/tags?post=4459"}],"curies":[{"name":"wp","href":"https:\/\/api.w.org\/{rel}","templated":true}]}}