{"id":4461,"date":"2022-06-29T11:03:54","date_gmt":"2022-06-29T09:03:54","guid":{"rendered":"https:\/\/cftc-syntec.fr\/testimport\/oui-pub-la-cftc-mediapost-a-negocie-un-accord-daccompagnement-social\/"},"modified":"2022-06-29T11:03:54","modified_gmt":"2022-06-29T09:03:54","slug":"oui-pub-la-cftc-mediapost-a-negocie-un-accord-daccompagnement-social","status":"publish","type":"post","link":"https:\/\/cftc-syntec.fr\/testimport\/oui-pub-la-cftc-mediapost-a-negocie-un-accord-daccompagnement-social\/","title":{"rendered":"Oui Pub : la CFTC Mediapost a n\u00e9goci\u00e9 un accord d\u2019accompagnement social"},"content":{"rendered":"<p>Le lancement de l\u2019exp\u00e9rimentation du dispositif \u00ab\u00a0OUI PUB\u00a0\u00bb\u00a0va impacter\u00a013 collectivit\u00e9s, dont Grenoble-Alpes-M\u00e9tropole, Bordeaux, la M\u00e9tropole du Grand Nancy ou encore l\u2019agglom\u00e9ration d\u2019Agen\u00a0\u00e0 partir du 1erseptembre 2022. <\/p>\n<p>Elles seront ensuite rejointes par les agglom\u00e9rations de Troyes et de Dunkerque o\u00f9 l\u2019interdiction entrera en vigueur le 1er f\u00e9vrier 2023\u00a0selon des d\u00e9crets publi\u00e9s au journal officiel. <\/p>\n<p>\u00a0La CFTC MEDIAPOST se pr\u00e9occupe des int\u00e9r\u00eats des salari\u00e9s concern\u00e9s par l\u2019exp\u00e9rimentation des collectivit\u00e9s territoriales, source d\u2019injustice sociale pour tous les salari\u00e9s concern\u00e9s. <\/p>\n<p>Pour les prot\u00e9ger, elle a n\u00e9goci\u00e9 (et sign\u00e9) un accord collectif instaurant un dispositif de gestion des emplois et des parcours professionnels et une rupture conventionnelle collective au sein de la soci\u00e9t\u00e9 MEDIAPOST en cons\u00e9quence de l\u2019exp\u00e9rimentation \u00ab\u00a0OUI PUB\u00a0\u00bb.\u00a0<\/p>\n<p>Cet accord d\u2019accompagnement social sur le \u00ab\u00a0OUI PUB\u00a0\u00bb fait suite \u00e0 une d\u00e9claration CFTC lue sur l\u2019impact du \u00ab\u00a0OUI PUB\u00a0\u00bb lors du Comit\u00e9 de dialogue strat\u00e9gique du Groupe La Poste, le 1er\u00a0mars 2022. <\/p>\n<p>Pour t\u00e9l\u00e9charger l\u2019accord d\u2019exp\u00e9rimentation : <a href=\"https:\/\/www.cftcmediaplus.fr\/wp-content\/uploads\/2022\/06\/accord-experimentation-oui-pub-VDEF.pdf\">https:\/\/www.cftcmediaplus.fr\/wp-content\/uploads\/2022\/06\/accord-experimentation-oui-pub-VDEF.pdf<\/a><\/p>\n<p>L\u2019article <a href=\"https:\/\/www.cftcmediaplus.fr\/postes\/oui-pub-la-cftc-mediapost-a-negocie-un-accord-daccompagnement-social\/\">Oui Pub : la CFTC Mediapost a n\u00e9goci\u00e9 un accord d\u2019accompagnement social<\/a> est apparu en premier sur <a href=\"https:\/\/www.cftcmediaplus.fr\/\">CFTC Media Plus<\/a>.<\/p>\n","protected":false},"excerpt":{"rendered":"<p>Le lancement de l\u2019exp\u00e9rimentation du dispositif \u00ab\u00a0OUI PUB\u00a0\u00bb\u00a0va impacter\u00a013 collectivit\u00e9s, dont Grenoble-Alpes-M\u00e9tropole, Bordeaux, la M\u00e9tropole du Grand Nancy ou encore l\u2019agglom\u00e9ration d\u2019Agen\u00a0\u00e0 partir du 1erseptembre 2022. Elles seront ensuite rejointes par les agglom\u00e9rations de Troyes et de Dunkerque o\u00f9 l\u2019interdiction entrera en vigueur le 1er f\u00e9vrier 2023\u00a0selon des d\u00e9crets publi\u00e9s au journal officiel. \u00a0La CFTC [&hellip;]<\/p>\n","protected":false},"author":0,"featured_media":0,"comment_status":"open","ping_status":"open","sticky":false,"template":"","format":"standard","meta":[],"categories":[1],"tags":[],"_links":{"self":[{"href":"https:\/\/cftc-syntec.fr\/testimport\/wp-json\/wp\/v2\/posts\/4461"}],"collection":[{"href":"https:\/\/cftc-syntec.fr\/testimport\/wp-json\/wp\/v2\/posts"}],"about":[{"href":"https:\/\/cftc-syntec.fr\/testimport\/wp-json\/wp\/v2\/types\/post"}],"replies":[{"embeddable":true,"href":"https:\/\/cftc-syntec.fr\/testimport\/wp-json\/wp\/v2\/comments?post=4461"}],"version-history":[{"count":0,"href":"https:\/\/cftc-syntec.fr\/testimport\/wp-json\/wp\/v2\/posts\/4461\/revisions"}],"wp:attachment":[{"href":"https:\/\/cftc-syntec.fr\/testimport\/wp-json\/wp\/v2\/media?parent=4461"}],"wp:term":[{"taxonomy":"category","embeddable":true,"href":"https:\/\/cftc-syntec.fr\/testimport\/wp-json\/wp\/v2\/categories?post=4461"},{"taxonomy":"post_tag","embeddable":true,"href":"https:\/\/cftc-syntec.fr\/testimport\/wp-json\/wp\/v2\/tags?post=4461"}],"curies":[{"name":"wp","href":"https:\/\/api.w.org\/{rel}","templated":true}]}}