{"id":4470,"date":"2022-07-19T13:27:54","date_gmt":"2022-07-19T11:27:54","guid":{"rendered":"https:\/\/cftc-syntec.fr\/testimport\/pouvoir-dachat-il-faut-agir\/"},"modified":"2022-07-19T13:27:54","modified_gmt":"2022-07-19T11:27:54","slug":"pouvoir-dachat-il-faut-agir","status":"publish","type":"post","link":"https:\/\/cftc-syntec.fr\/testimport\/pouvoir-dachat-il-faut-agir\/","title":{"rendered":"POUVOIR D\u2019ACHAT : IL FAUT AGIR !"},"content":{"rendered":"<p class=\"has-medium-font-size\"><span class=\"tadv-color\"><strong>D\u00e9gel du point d\u2019indice : une mesure n\u00e9cessaire mais insuffisante !<\/strong><\/span><\/p>\n<p>La CFTC appr\u00e9cie le geste de revalorisation, pour les fonctionnaires, du point d\u2019indice de 3,5% \u00e0 compter<br \/>du 1er juillet mais elle souhaite rappeler que c\u2019est insuffisant au regard de l\u2019inflation actuelle que nous<br \/>connaissons et surtout de celle projet\u00e9e dans les mois \u00e0 venir.<br \/>La CFTC, dans une logique de construction, a obtenu la mise en place d\u2019une commission de suivi<br \/>sp\u00e9cifique en fonction de l\u2019\u00e9volution de la situation \u00e9conomique g\u00e9n\u00e9rale, lors de la derni\u00e8re NAO.<br \/>Elle demande la tenue imm\u00e9diate de cette commission de suivi.<br \/>En effet entre l\u2019inflation galopante, des mesures insuffisantes \u00e0 la suite des n\u00e9gociations NAO, tous les<br \/>postiers, fonctionnaires ou salari\u00e9s, voient leur pouvoir d\u2019achat baisser drastiquement. Pour la CFTC, c\u2019est<br \/>un enjeu crucial quand on sait que presque 50 % des postiers gagnent moins de 2200 euros<br \/>bruts par mois.<\/p>\n<p class=\"has-text-align-center has-medium-font-size\"><span class=\"tadv-color\"><strong>Nos revendications :<\/strong><\/span><\/p>\n<p class=\"has-text-align-center\"><span class=\"tadv-color\"><strong><br \/><\/strong><\/span>La CFTC revendique une revalorisation des salaires, l\u2019augmentation de la prime transport, des indemnit\u00e9s<br \/>kilom\u00e9triques, de la participation Poste pour la restauration collective et du ticket restaurant.<br \/>La CFTC demande \u00e9galement la prise en charge de la protection sociale compl\u00e9mentaire, y compris la<br \/>pr\u00e9voyance, \u00e0 hauteur de 100% des co\u00fbts engendr\u00e9s et l\u2019intervention de La Poste aupr\u00e8s du Minist\u00e8re<br \/>de tutelle pour revaloriser la r\u00e9mun\u00e9ration de ses fonctionnaires \u00e0 la hauteur r\u00e9elle de l\u2019inflation.<br \/>La CFTC souhaite \u00e9galement le paiement d\u2019une Prime Exceptionnelle de Pouvoir d\u2019Achat (PEPA).<\/p>\n<\/p>\n<p class=\"has-medium-font-size\"><strong><span class=\"tadv-color\">La CFTC se bat pour le pouvoir d\u2019achat de tous les postiers<\/span><\/strong><\/p>\n<p><\/p>\n<p>L\u2019article <a href=\"https:\/\/www.cftcmediaplus.fr\/postes\/pouvoir-dachat-il-faut-agir\/\">POUVOIR D\u2019ACHAT : IL FAUT AGIR !<\/a> est apparu en premier sur <a href=\"https:\/\/www.cftcmediaplus.fr\/\">CFTC Media Plus<\/a>.<\/p>\n","protected":false},"excerpt":{"rendered":"<p>D\u00e9gel du point d\u2019indice : une mesure n\u00e9cessaire mais insuffisante ! La CFTC appr\u00e9cie le geste de revalorisation, pour les fonctionnaires, du point d\u2019indice de 3,5% \u00e0 compterdu 1er juillet mais elle souhaite rappeler que c\u2019est insuffisant au regard de l\u2019inflation actuelle que nousconnaissons et surtout de celle projet\u00e9e dans les mois \u00e0 venir.La CFTC, [&hellip;]<\/p>\n","protected":false},"author":0,"featured_media":0,"comment_status":"open","ping_status":"open","sticky":false,"template":"","format":"standard","meta":[],"categories":[1],"tags":[],"_links":{"self":[{"href":"https:\/\/cftc-syntec.fr\/testimport\/wp-json\/wp\/v2\/posts\/4470"}],"collection":[{"href":"https:\/\/cftc-syntec.fr\/testimport\/wp-json\/wp\/v2\/posts"}],"about":[{"href":"https:\/\/cftc-syntec.fr\/testimport\/wp-json\/wp\/v2\/types\/post"}],"replies":[{"embeddable":true,"href":"https:\/\/cftc-syntec.fr\/testimport\/wp-json\/wp\/v2\/comments?post=4470"}],"version-history":[{"count":0,"href":"https:\/\/cftc-syntec.fr\/testimport\/wp-json\/wp\/v2\/posts\/4470\/revisions"}],"wp:attachment":[{"href":"https:\/\/cftc-syntec.fr\/testimport\/wp-json\/wp\/v2\/media?parent=4470"}],"wp:term":[{"taxonomy":"category","embeddable":true,"href":"https:\/\/cftc-syntec.fr\/testimport\/wp-json\/wp\/v2\/categories?post=4470"},{"taxonomy":"post_tag","embeddable":true,"href":"https:\/\/cftc-syntec.fr\/testimport\/wp-json\/wp\/v2\/tags?post=4470"}],"curies":[{"name":"wp","href":"https:\/\/api.w.org\/{rel}","templated":true}]}}