{"id":4471,"date":"2022-07-19T17:14:46","date_gmt":"2022-07-19T15:14:46","guid":{"rendered":"https:\/\/cftc-syntec.fr\/testimport\/pouvoir-dachat-des-propositions-insuffisantes%ef%bf%bc\/"},"modified":"2022-07-19T17:14:46","modified_gmt":"2022-07-19T15:14:46","slug":"pouvoir-dachat-des-propositions-insuffisantes%ef%bf%bc","status":"publish","type":"post","link":"https:\/\/cftc-syntec.fr\/testimport\/pouvoir-dachat-des-propositions-insuffisantes%ef%bf%bc\/","title":{"rendered":"POUVOIR D\u2019ACHAT\u00a0: DES PROPOSITIONS INSUFFISANTES\ufffc"},"content":{"rendered":"<p><strong>LES ANNONCES DE LA POSTE\u00a0: QUELQUES MIETTES !<\/strong><\/p>\n<p>Le 11 juillet, La Poste nous a inform\u00e9 de dispositifs pour am\u00e9liorer le pouvoir d\u2019achat des postiers.<\/p>\n<p><strong>Les propositions de La Poste\u00a0:<\/strong><\/p>\n<p>Revalorisation, pour les fonctionnaires, du point d\u2019indice de 3,5% \u00e0 compter du <a>1er<\/a> juillet mais la CFTC souhaite rappeler que c\u2019est insuffisant. Cette augmentation devrait \u00eatre vers\u00e9e avec la paie du mois d\u2019ao\u00fbtAugmentation des indemnit\u00e9s kilom\u00e9triques de 2 centimes suppl\u00e9mentaires du 1er juillet au 30 septembre pour tous les v\u00e9hicules y compris \u00e9lectriquesPrime Transport\u00a0: augmentation de 20 \u00e0 30 euros du 1er juillet au 30 septembreMise en place d\u2019une solution pour faciliter le co-voiturage en septembre<\/p>\n<p><strong>Nos revendications :<\/strong><\/p>\n<p><strong>Quand on sait que presque 50 % des postiers gagnent moins de 2200 euros bruts par mois, il est urgent d\u2019augmenter les salaires et c\u2019est la premi\u00e8re mesure \u00e0 prendre.<\/strong><\/p>\n<p>La CFTC demande \u00e9galement la prise en charge de la protection sociale compl\u00e9mentaire, y compris la pr\u00e9voyance, \u00e0 hauteur de 100% des co\u00fbts engendr\u00e9s et l\u2019intervention de La Poste aupr\u00e8s du Minist\u00e8re de tutelle pour revaloriser la r\u00e9mun\u00e9ration de ses fonctionnaires \u00e0 la hauteur r\u00e9elle de l\u2019inflation.<\/p>\n<p>La CFTC souhaite \u00e9galement le paiement d\u2019une Prime Exceptionnelle de Pouvoir d\u2019Achat (PEPA).<\/p>\n<p><strong>La CFTC continue \u00e0 d\u00e9fendre le pouvoir d\u2019achat de tous les postiers<\/strong><\/p>\n<p>L\u2019article <a href=\"https:\/\/www.cftcmediaplus.fr\/postes\/pouvoir-dachat-des-propositions-insuffisantes\/\">POUVOIR D\u2019ACHAT\u00a0: DES PROPOSITIONS INSUFFISANTES\ufffc<\/a> est apparu en premier sur <a href=\"https:\/\/www.cftcmediaplus.fr\/\">CFTC Media Plus<\/a>.<\/p>\n","protected":false},"excerpt":{"rendered":"<p>LES ANNONCES DE LA POSTE\u00a0: QUELQUES MIETTES ! Le 11 juillet, La Poste nous a inform\u00e9 de dispositifs pour am\u00e9liorer le pouvoir d\u2019achat des postiers. Les propositions de La Poste\u00a0: Revalorisation, pour les fonctionnaires, du point d\u2019indice de 3,5% \u00e0 compter du 1er juillet mais la CFTC souhaite rappeler que c\u2019est insuffisant. Cette augmentation devrait [&hellip;]<\/p>\n","protected":false},"author":0,"featured_media":0,"comment_status":"open","ping_status":"open","sticky":false,"template":"","format":"standard","meta":[],"categories":[1],"tags":[],"_links":{"self":[{"href":"https:\/\/cftc-syntec.fr\/testimport\/wp-json\/wp\/v2\/posts\/4471"}],"collection":[{"href":"https:\/\/cftc-syntec.fr\/testimport\/wp-json\/wp\/v2\/posts"}],"about":[{"href":"https:\/\/cftc-syntec.fr\/testimport\/wp-json\/wp\/v2\/types\/post"}],"replies":[{"embeddable":true,"href":"https:\/\/cftc-syntec.fr\/testimport\/wp-json\/wp\/v2\/comments?post=4471"}],"version-history":[{"count":0,"href":"https:\/\/cftc-syntec.fr\/testimport\/wp-json\/wp\/v2\/posts\/4471\/revisions"}],"wp:attachment":[{"href":"https:\/\/cftc-syntec.fr\/testimport\/wp-json\/wp\/v2\/media?parent=4471"}],"wp:term":[{"taxonomy":"category","embeddable":true,"href":"https:\/\/cftc-syntec.fr\/testimport\/wp-json\/wp\/v2\/categories?post=4471"},{"taxonomy":"post_tag","embeddable":true,"href":"https:\/\/cftc-syntec.fr\/testimport\/wp-json\/wp\/v2\/tags?post=4471"}],"curies":[{"name":"wp","href":"https:\/\/api.w.org\/{rel}","templated":true}]}}