{"id":4474,"date":"2022-07-21T13:23:32","date_gmt":"2022-07-21T11:23:32","guid":{"rendered":"https:\/\/cftc-syntec.fr\/testimport\/magazine-du-comhiso-episode-2\/"},"modified":"2022-07-21T13:23:32","modified_gmt":"2022-07-21T11:23:32","slug":"magazine-du-comhiso-episode-2","status":"publish","type":"post","link":"https:\/\/cftc-syntec.fr\/testimport\/magazine-du-comhiso-episode-2\/","title":{"rendered":"Magazine du Comhiso : Episode 2"},"content":{"rendered":"<p>Retrouvez dans votre deuxi\u00e8me \u00e9pisode, le plateau-d\u00e9bat avec Patrice Diochet, Roger-Marie Mebrouk et Thierry Patenne.<\/p>\n<p>Ils aborderont la cr\u00e9ation nationale de la section CFTC France Telecom, les classifications \u00e0 France Telecom et l\u2019accord sur les 35H \u00e0 France Telecom.<\/p>\n<p>Bon visionnage: <a href=\"https:\/\/www.youtube.com\/watch?v=LtNS2jGkNzM&amp;t=37s\">https:\/\/www.youtube.com\/watch?v=LtNS2jGkNzM&amp;t=37s<\/a><\/p>\n<p>L\u2019article <a href=\"https:\/\/www.cftcmediaplus.fr\/federation\/magazine-du-comhiso-episode-2\/\">Magazine du Comhiso : Episode 2<\/a> est apparu en premier sur <a href=\"https:\/\/www.cftcmediaplus.fr\/\">CFTC Media Plus<\/a>.<\/p>\n","protected":false},"excerpt":{"rendered":"<p>Retrouvez dans votre deuxi\u00e8me \u00e9pisode, le plateau-d\u00e9bat avec Patrice Diochet, Roger-Marie Mebrouk et Thierry Patenne. Ils aborderont la cr\u00e9ation nationale de la section CFTC France Telecom, les classifications \u00e0 France Telecom et l\u2019accord sur les 35H \u00e0 France Telecom. Bon visionnage: https:\/\/www.youtube.com\/watch?v=LtNS2jGkNzM&amp;t=37s L\u2019article Magazine du Comhiso : Episode 2 est apparu en premier sur CFTC [&hellip;]<\/p>\n","protected":false},"author":0,"featured_media":0,"comment_status":"open","ping_status":"open","sticky":false,"template":"","format":"standard","meta":[],"categories":[1],"tags":[],"_links":{"self":[{"href":"https:\/\/cftc-syntec.fr\/testimport\/wp-json\/wp\/v2\/posts\/4474"}],"collection":[{"href":"https:\/\/cftc-syntec.fr\/testimport\/wp-json\/wp\/v2\/posts"}],"about":[{"href":"https:\/\/cftc-syntec.fr\/testimport\/wp-json\/wp\/v2\/types\/post"}],"replies":[{"embeddable":true,"href":"https:\/\/cftc-syntec.fr\/testimport\/wp-json\/wp\/v2\/comments?post=4474"}],"version-history":[{"count":0,"href":"https:\/\/cftc-syntec.fr\/testimport\/wp-json\/wp\/v2\/posts\/4474\/revisions"}],"wp:attachment":[{"href":"https:\/\/cftc-syntec.fr\/testimport\/wp-json\/wp\/v2\/media?parent=4474"}],"wp:term":[{"taxonomy":"category","embeddable":true,"href":"https:\/\/cftc-syntec.fr\/testimport\/wp-json\/wp\/v2\/categories?post=4474"},{"taxonomy":"post_tag","embeddable":true,"href":"https:\/\/cftc-syntec.fr\/testimport\/wp-json\/wp\/v2\/tags?post=4474"}],"curies":[{"name":"wp","href":"https:\/\/api.w.org\/{rel}","templated":true}]}}