{"id":4477,"date":"2022-07-26T11:43:18","date_gmt":"2022-07-26T09:43:18","guid":{"rendered":"https:\/\/cftc-syntec.fr\/testimport\/nouvelle-gamme-courrier\/"},"modified":"2022-07-26T11:43:18","modified_gmt":"2022-07-26T09:43:18","slug":"nouvelle-gamme-courrier","status":"publish","type":"post","link":"https:\/\/cftc-syntec.fr\/testimport\/nouvelle-gamme-courrier\/","title":{"rendered":"NOUVELLE GAMME COURRIER"},"content":{"rendered":"<p>A<strong>La CFTC demande\u00a0:<\/strong><\/p>\n<p>Le maintien de la notion de<strong> titulaire de quartier\u00a0<\/strong>sur un p\u00e9rim\u00e8tre fixe<strong>.<\/strong>Le respect de<strong> l\u2019\u00e9quilibre vie priv\u00e9e\/vie professionnelle.<\/strong>Le maintien d\u2019un <strong>niveau d\u2019encadrement (RE-ROP) suffisant<\/strong> pour s\u2019adapter \u00e0 la NGC<strong>.<\/strong>Un <strong>recrutement de FSE suffisant<\/strong> pour adapter les organisations \u00e0 la NGC.<strong>Que le planning des jours de repos soit fix\u00e9 \u00e0 l\u2019avance <\/strong>et que ces jours ne servent pas \u00e0 plus de flexibilit\u00e9 en fonction du trafic pr\u00e9vu.<\/p>\n<p><strong>IMPORTANT\u00a0:<\/strong><\/p>\n<p><a><em>La nouvelle gamme courrier rentrera en vigueur le 1er janvier 2023.<\/em><\/a><\/p>\n<p class=\"has-medium-font-size\"><a><strong>La nouvelle gamme courrier (NGC), kesako\u00a0?<\/strong><\/a><\/p>\n<p>La Direction du Courrier vient de d\u00e9voiler la nouvelle gamme courrier pour, selon elle, palier \u00e0 la baisse du chiffre d\u2019affaires de La Poste et r\u00e9pondre aux nouvelles attentes des clients. Le J+3 va devenir le standard de distribution, le timbre vert devient la norme. Le timbre rouge est physiquement supprim\u00e9 et sera d\u00e9mat\u00e9rialis\u00e9. C\u2019est toute la cha\u00eene du traitement et de la distribution qui va \u00eatre impact\u00e9e\u00a0!<\/p>\n<p><strong>Quelles r\u00e9percussions \u00e0 la distribution\u00a0?<\/strong><\/p>\n<p>Diminution voire disparition des brigades de nuit en PIC.La distribution du courrier 6 jours\/7 est maintenue.La notion de quartier sur un p\u00e9rim\u00e8tre fixe est remise en question, puisque, selon l\u2019activit\u00e9, la tourn\u00e9e sera \u00e0 g\u00e9om\u00e9trie variable.Le colis sera l\u2019\u00e9l\u00e9ment fondateur de l\u2019organisation des tourn\u00e9es, le courrier devenant un compl\u00e9ment partout o\u00f9 c\u2019est possible.L\u2019utilisation massive de la distribution pilot\u00e9e obligera la g\u00e9n\u00e9ralisation des CHM \u00e0 5 colonnes, d\u2019o\u00f9 un impact sur les temps de tri.<\/p>\n<p>La BSCC d\u00e9voilera plus de d\u00e9tail sur l\u2019adaptation de la distri \u00e0 la NGC \u00e0 compter de septembre.<\/p>\n<p>L\u2019article <a href=\"https:\/\/www.cftcmediaplus.fr\/postes\/nouvelle-gamme-courrier\/\">NOUVELLE GAMME COURRIER<\/a> est apparu en premier sur <a href=\"https:\/\/www.cftcmediaplus.fr\/\">CFTC Media Plus<\/a>.<\/p>\n","protected":false},"excerpt":{"rendered":"<p>ALa CFTC demande\u00a0: Le maintien de la notion de titulaire de quartier\u00a0sur un p\u00e9rim\u00e8tre fixe.Le respect de l\u2019\u00e9quilibre vie priv\u00e9e\/vie professionnelle.Le maintien d\u2019un niveau d\u2019encadrement (RE-ROP) suffisant pour s\u2019adapter \u00e0 la NGC.Un recrutement de FSE suffisant pour adapter les organisations \u00e0 la NGC.Que le planning des jours de repos soit fix\u00e9 \u00e0 l\u2019avance et que [&hellip;]<\/p>\n","protected":false},"author":0,"featured_media":0,"comment_status":"open","ping_status":"open","sticky":false,"template":"","format":"standard","meta":[],"categories":[1],"tags":[],"_links":{"self":[{"href":"https:\/\/cftc-syntec.fr\/testimport\/wp-json\/wp\/v2\/posts\/4477"}],"collection":[{"href":"https:\/\/cftc-syntec.fr\/testimport\/wp-json\/wp\/v2\/posts"}],"about":[{"href":"https:\/\/cftc-syntec.fr\/testimport\/wp-json\/wp\/v2\/types\/post"}],"replies":[{"embeddable":true,"href":"https:\/\/cftc-syntec.fr\/testimport\/wp-json\/wp\/v2\/comments?post=4477"}],"version-history":[{"count":0,"href":"https:\/\/cftc-syntec.fr\/testimport\/wp-json\/wp\/v2\/posts\/4477\/revisions"}],"wp:attachment":[{"href":"https:\/\/cftc-syntec.fr\/testimport\/wp-json\/wp\/v2\/media?parent=4477"}],"wp:term":[{"taxonomy":"category","embeddable":true,"href":"https:\/\/cftc-syntec.fr\/testimport\/wp-json\/wp\/v2\/categories?post=4477"},{"taxonomy":"post_tag","embeddable":true,"href":"https:\/\/cftc-syntec.fr\/testimport\/wp-json\/wp\/v2\/tags?post=4477"}],"curies":[{"name":"wp","href":"https:\/\/api.w.org\/{rel}","templated":true}]}}