{"id":4483,"date":"2022-07-31T20:08:45","date_gmt":"2022-07-31T18:08:45","guid":{"rendered":"https:\/\/cftc-syntec.fr\/testimport\/editorial-2\/"},"modified":"2022-07-31T20:08:45","modified_gmt":"2022-07-31T18:08:45","slug":"editorial-2","status":"publish","type":"post","link":"https:\/\/cftc-syntec.fr\/testimport\/editorial-2\/","title":{"rendered":"\u00c9DITORIAL"},"content":{"rendered":"<p>D\u00e9j\u00e0 l\u2019\u00e9t\u00e9, l\u2019ann\u00e9e 2022 avance tr\u00e8s vite. Tout comme l\u2019actualit\u00e9. Qui aurait pu, il y a six mois, pr\u00e9voir tous ces changements tr\u00e8s brutaux pour certains ?<\/p>\n<p>D\u2019un c\u00f4t\u00e9, la crise sanitaire s\u2019\u00e9loigne enfin et nous avons recouvr\u00e9 l\u2019essentiel de notre libert\u00e9. Quelques inqui\u00e9tudes persistent n\u00e9anmoins et la vigilance reste de mise.<\/p>\n<p>D\u2019un autre c\u00f4t\u00e9, une actualit\u00e9 g\u00e9opolitique aux effets incalculables s\u2019impose depuis plus de 100 jours. La guerre en Ukraine donc en Europe, que d\u2019aucun pensait devenue impossible, s\u2019est install\u00e9e et, apparemment, pour durer.<\/p>\n<p>La conf\u00e9d\u00e9ration CFTC a particip\u00e9 avec d\u2019autres organisations syndicales \u00e0 l\u2019envoi en Ukraine d\u2019un convoi de denr\u00e9es de premi\u00e8re n\u00e9cessit\u00e9. La F\u00e9d\u00e9ration Media+ a, bien entendu, apport\u00e9 sa contribution.<\/p>\n<p>La r\u00e9sultante de ces deux situations, la sortie de la crise sanitaire et le conflit en Ukraine, s\u2019appelle inflation. L\u2019inflation pointait son nez en fin d\u2019ann\u00e9e 2021 en raison de la forte demande partout dans le monde accompagnant la sortie de la crise sanitaire. L\u2019inflation a encore acc\u00e9l\u00e9r\u00e9 ces derniers mois car s\u2019ajoutent aux causes pr\u00e9c\u00e9demment mentionn\u00e9es les effets de p\u00e9nuries r\u00e9elles ou anticip\u00e9es.<\/p>\n<p>Les prix des carburants et de l\u2019\u00e9nergie flambent. Peu \u00e0 peu, Thierry Patenne Secr\u00e9taire G\u00e9n\u00e9ral tout, ou presque, augmente. Les salaires ne suivent pas vraiment. Les augmentations accord\u00e9es par les employeurs dans le cadre des NAO (N\u00e9gociation Annuelles Obligatoires) sont, le plus souvent, bien en de\u00e7\u00e0 des pr\u00e9visions d\u2019inflation ! La d\u00e9fense du pouvoir d\u2019achat des salari\u00e9s et retrait\u00e9s redevient plus prioritaire que jamais. On entend des promesses et m\u00eame des propositions. Leur mise en \u0153uvre est une n\u00e9cessit\u00e9 imp\u00e9rative. Sur ce point, la CFTC devra \u00eatre tr\u00e8s vigilante dans les prochains mois.<\/p>\n<p>Pendant ce premier semestre, l\u2019action syndicale nationale a \u00e9t\u00e9 en partie mise \u00e0 l\u2019arr\u00eat en raison des \u00e9lections pr\u00e9sidentielle puis l\u00e9gislatives. Cette p\u00e9riode qui s\u2019ach\u00e8ve, a toutefois permis de promouvoir les propositions de la CFTC dans toutes les th\u00e9matiques majeures auxquelles notre pays est confront\u00e9 (cf. la Lettre Conf\u00e9d\u00e9rale N\u00b01577 d\u2019avril 2022).<\/p>\n<p>Au plan f\u00e9d\u00e9ral et dans nos secteurs, le travail des militants, des n\u00e9gociateurs, des responsables s\u2019est poursuivi sans rel\u00e2che. Ce premier semestre a \u00e9t\u00e9 tr\u00e8s fructueux : n\u00e9gociations de branches, n\u00e9gociations dans les entreprises, assembl\u00e9es g\u00e9n\u00e9rales de sections, assembl\u00e9es g\u00e9n\u00e9rales de syndicats, activit\u00e9 de formation extr\u00eamement soutenue. Et pour finir un forum SST (S\u00e9curit\u00e9 et Sant\u00e9 au Travail) a eu lieu le 2 juin \u00e0 Paris. Ce forum, consacr\u00e9 aux nouvelles formes de travail et leurs cons\u00e9quences sur la sant\u00e9 a, une fois encore, rencontr\u00e9 un franc succ\u00e8s avec une centaine de participants, et la pr\u00e9sence de nos amis de CFTC Cadres.<\/p>\n<p>Mais, comme annonc\u00e9 en d\u00e9but d\u2019\u00e9dito, l\u2019\u00e9t\u00e9 arrive. Il est temps d\u2019oublier pour un temps nos pr\u00e9occupations syndicales ou professionnelles. Le moment est venu de profiter des vacances avec vos familles.<\/p>\n<p>Bon \u00e9t\u00e9 \u00e0 tous. \u25a0<\/p>\n<p>L\u2019article <a href=\"https:\/\/www.cftcmediaplus.fr\/federation\/editorial-2\/\">\u00c9DITORIAL<\/a> est apparu en premier sur <a href=\"https:\/\/www.cftcmediaplus.fr\/\">CFTC Media Plus<\/a>.<\/p>\n","protected":false},"excerpt":{"rendered":"<p>D\u00e9j\u00e0 l\u2019\u00e9t\u00e9, l\u2019ann\u00e9e 2022 avance tr\u00e8s vite. Tout comme l\u2019actualit\u00e9. Qui aurait pu, il y a six mois, pr\u00e9voir tous ces changements tr\u00e8s brutaux pour certains ? D\u2019un c\u00f4t\u00e9, la crise sanitaire s\u2019\u00e9loigne enfin et nous avons recouvr\u00e9 l\u2019essentiel de notre libert\u00e9. Quelques inqui\u00e9tudes persistent n\u00e9anmoins et la vigilance reste de mise. D\u2019un autre c\u00f4t\u00e9, [&hellip;]<\/p>\n","protected":false},"author":0,"featured_media":0,"comment_status":"open","ping_status":"open","sticky":false,"template":"","format":"standard","meta":[],"categories":[1],"tags":[],"_links":{"self":[{"href":"https:\/\/cftc-syntec.fr\/testimport\/wp-json\/wp\/v2\/posts\/4483"}],"collection":[{"href":"https:\/\/cftc-syntec.fr\/testimport\/wp-json\/wp\/v2\/posts"}],"about":[{"href":"https:\/\/cftc-syntec.fr\/testimport\/wp-json\/wp\/v2\/types\/post"}],"replies":[{"embeddable":true,"href":"https:\/\/cftc-syntec.fr\/testimport\/wp-json\/wp\/v2\/comments?post=4483"}],"version-history":[{"count":0,"href":"https:\/\/cftc-syntec.fr\/testimport\/wp-json\/wp\/v2\/posts\/4483\/revisions"}],"wp:attachment":[{"href":"https:\/\/cftc-syntec.fr\/testimport\/wp-json\/wp\/v2\/media?parent=4483"}],"wp:term":[{"taxonomy":"category","embeddable":true,"href":"https:\/\/cftc-syntec.fr\/testimport\/wp-json\/wp\/v2\/categories?post=4483"},{"taxonomy":"post_tag","embeddable":true,"href":"https:\/\/cftc-syntec.fr\/testimport\/wp-json\/wp\/v2\/tags?post=4483"}],"curies":[{"name":"wp","href":"https:\/\/api.w.org\/{rel}","templated":true}]}}