{"id":4484,"date":"2022-07-31T22:50:24","date_gmt":"2022-07-31T20:50:24","guid":{"rendered":"https:\/\/cftc-syntec.fr\/testimport\/lindustrie-papetiere\/"},"modified":"2022-07-31T22:50:24","modified_gmt":"2022-07-31T20:50:24","slug":"lindustrie-papetiere","status":"publish","type":"post","link":"https:\/\/cftc-syntec.fr\/testimport\/lindustrie-papetiere\/","title":{"rendered":"L\u2019INDUSTRIE PAPETI\u00c8RE"},"content":{"rendered":"<p>FAIT FEU DE TOUT BOIS POUR REBONDIR<\/p>\n<p>L\u2019arr\u00eat en 2020 de la principale usine \u00e0 papier fran\u00e7aise, UPM \u00e0 Chapelle Darblay, d\u00e9cid\u00e9 par son propri\u00e9taire finlandais, a \u00e9t\u00e9 l\u2019un des \u00e9l\u00e9ments d\u00e9clencheurs pour se pencher avec s\u00e9rieux sur l\u2019avenir de la fili\u00e8re papier-carton. L\u2019ensemble du secteur regroupe pas moins de 300 000 salari\u00e9s.<\/p>\n<p>L\u2019avenir de cette fili\u00e8re \u00e9tant menac\u00e9, \u00e0 l\u2019initiative du Ceser Normandie, un groupe de travail constitu\u00e9 de repr\u00e9sentants d\u2019entreprise, de d\u00e9put\u00e9s, de chambres patronales, de l\u2019ensemble des organisations syndicales repr\u00e9sentatives, a \u00e9t\u00e9 cr\u00e9\u00e9. La f\u00e9d\u00e9ration CFTC Media+ avec Pascal Boulin (secr\u00e9taire g\u00e9n\u00e9ral adjoint secteur \u00e9dition), Johann Decoux (pr\u00e9sident du syndicat papier[1]carton des Vosges) et Mo\u00ebz Thabet (secr\u00e9taire g\u00e9n\u00e9ral adjoint secteur papier-carton) ont activement particip\u00e9 \u00e0 toutes les r\u00e9unions et \u00e0 l\u2019\u00e9laboration d\u2019un manifeste \u00e0 destination des pouvoirs publics. Au cours de plusieurs r\u00e9unions, un diagnostic sur l\u2019avenir de la fili\u00e8re a \u00e9t\u00e9 \u00e9tabli, et ont \u00e9t\u00e9 mesur\u00e9es les opportunit\u00e9s et ses difficult\u00e9s dans l\u2019objectif d\u2019\u00e9laborer des propositions aupr\u00e8s des minist\u00e8res concern\u00e9s sur sa p\u00e9rennit\u00e9. La guerre en Ukraine a des effets au niveau du transport (le personnel des pays de l\u2019Est est aujourd\u2019hui r\u00e9quisitionn\u00e9 dans le conflit), du prix des \u00e9nergies dont les prix flambent, des mati\u00e8res premi\u00e8res (l\u2019Ukraine est le fournisseur principal d\u2019amidon, par exemple).<\/p>\n<p>Ces constats alimentent les trois plans d\u2019actions du groupe de travail :<\/p>\n<p>\u2022 L\u2019usage du papier versus l\u2019usage du num\u00e9rique, avec, par exemple, la mesure de l\u2019impact \u00e9cologique d\u2019usage de prospectus contre l\u2019usage des publicit\u00e9s via r\u00e9seaux.<\/p>\n<p>\u2022 La qualit\u00e9 de la collecte du papier, avec 20 kg de papier par an par habitant qui ne sont pas collect\u00e9s, et donc pas retrait\u00e9s\u2026<\/p>\n<p>\u2022 L\u2019organisation de la fili\u00e8re et de ses interd\u00e9pendances. Ces grands enjeux font l\u2019objet d\u2019un manifeste pour interpeler les nouveaux \u00e9lus politiques.<\/p>\n<p><strong>Le site de la Chapelle Darblay sauv\u00e9 gr\u00e2ce aux actions syndicales<\/strong><\/p>\n<p>Trois ans de lutte acharn\u00e9e pour \u00e9viter la d\u00e9molition de l\u2019usine et la vente des machines ont enfin port\u00e9 leurs fruits.<\/p>\n<p>En mai 2022, le site de Grand-Couronne, dernier site fran\u00e7ais de fabrication de papier journal et d\u2019emballage 100 % recycl\u00e9, a \u00e9t\u00e9 revendu \u00e0 deux industriels Fibre Excellence et Veolia. Cette usine, qui \u00e9tait un mod\u00e8le d\u2019industrie vertueuse pour la transition \u00e9cologique, a donc servi de catalyseur et a incit\u00e9 le gouvernement et plusieurs d\u00e9put\u00e9s \u00e0 lancer deux missions sur l\u2019avenir de la fili\u00e8re papier[1]carton. Pendant plusieurs mois, visites de sites et auditions se sont succ\u00e9d\u00e9 et ont abouti \u00e0 un nouveau rapport. Un premier rapport parlementaire en 2014, avait d\u00e9j\u00e0 propos\u00e9 34 chantiers pour sauver la fili\u00e8re en misant sur le recyclage.<\/p>\n<p>Malheureusement, les ann\u00e9es qui ont suivi ont vu la situation se d\u00e9t\u00e9riorer. Si en 2021, en raison de l\u2019abandon des emballages plastiques et \u00e0 cause de l\u2019explosion des livraisons \u00e0 domicile, la consommation et la production de papier et carton ont progress\u00e9 de 5% et 7%, le secteur reste fragile.<\/p>\n<p>Cette hausse des volumes en 2021 n\u2019a pas suffi \u00e0 endiguer la tendance de fond de fermeture des usines destin\u00e9es aux papiers journaux. En effet, en 2001, le papier destin\u00e9 aux usages graphiques repr\u00e9sentait 45 % de l\u2019ensemble de la production de papier en France, en 2021 ce taux est tomb\u00e9 \u00e0 17,7%\u2026 La flamb\u00e9e du co\u00fbt des mati\u00e8res premi\u00e8res n\u2019\u00e9pargne pas le secteur avec \u00e0 titre d\u2019exemple +160% pour les cartons ondul\u00e9s r\u00e9cup\u00e9r\u00e9s en 2021 par rapport \u00e0 2020. Les syndicats, dont la CFTC, restent particuli\u00e8rement vigilants sur les aides attendues et pour la soutenir dans la fili\u00e8re et sa feuille de route de d\u00e9carbonation.<\/p>\n<p>Des actions pour remettre en avant l\u2019utilisation de l\u2019imprim\u00e9, soutenir les entreprises qui n\u00e9cessitent de lourds investissements et, par exemple, mettre en place une campagne nationale d\u2019information et de sensibilisation \u00e0 la fabrication du papier et enfin mettre fin \u00e0 l\u2019id\u00e9e mensong\u00e8re, \u00ab non le papier n\u2019\u00e9gale pas un arbre d\u00e9truit \u00bb font partie des solutions envisag\u00e9es. Le papier est une mati\u00e8re \u00e9cologique, une ressource naturelle renouvelable, recyclable et compostable. \u25a0<\/p>\n<p>L\u2019article <a href=\"https:\/\/www.cftcmediaplus.fr\/papier-carton\/lindustrie-papetiere-fait-feu-de-tout-bois-pour-rebondir\/\">L\u2019INDUSTRIE PAPETI\u00c8RE<\/a> est apparu en premier sur <a href=\"https:\/\/www.cftcmediaplus.fr\/\">CFTC Media Plus<\/a>.<\/p>\n","protected":false},"excerpt":{"rendered":"<p>FAIT FEU DE TOUT BOIS POUR REBONDIR L\u2019arr\u00eat en 2020 de la principale usine \u00e0 papier fran\u00e7aise, UPM \u00e0 Chapelle Darblay, d\u00e9cid\u00e9 par son propri\u00e9taire finlandais, a \u00e9t\u00e9 l\u2019un des \u00e9l\u00e9ments d\u00e9clencheurs pour se pencher avec s\u00e9rieux sur l\u2019avenir de la fili\u00e8re papier-carton. L\u2019ensemble du secteur regroupe pas moins de 300 000 salari\u00e9s. L\u2019avenir de [&hellip;]<\/p>\n","protected":false},"author":0,"featured_media":0,"comment_status":"open","ping_status":"open","sticky":false,"template":"","format":"standard","meta":[],"categories":[1],"tags":[],"_links":{"self":[{"href":"https:\/\/cftc-syntec.fr\/testimport\/wp-json\/wp\/v2\/posts\/4484"}],"collection":[{"href":"https:\/\/cftc-syntec.fr\/testimport\/wp-json\/wp\/v2\/posts"}],"about":[{"href":"https:\/\/cftc-syntec.fr\/testimport\/wp-json\/wp\/v2\/types\/post"}],"replies":[{"embeddable":true,"href":"https:\/\/cftc-syntec.fr\/testimport\/wp-json\/wp\/v2\/comments?post=4484"}],"version-history":[{"count":0,"href":"https:\/\/cftc-syntec.fr\/testimport\/wp-json\/wp\/v2\/posts\/4484\/revisions"}],"wp:attachment":[{"href":"https:\/\/cftc-syntec.fr\/testimport\/wp-json\/wp\/v2\/media?parent=4484"}],"wp:term":[{"taxonomy":"category","embeddable":true,"href":"https:\/\/cftc-syntec.fr\/testimport\/wp-json\/wp\/v2\/categories?post=4484"},{"taxonomy":"post_tag","embeddable":true,"href":"https:\/\/cftc-syntec.fr\/testimport\/wp-json\/wp\/v2\/tags?post=4484"}],"curies":[{"name":"wp","href":"https:\/\/api.w.org\/{rel}","templated":true}]}}