{"id":4485,"date":"2022-07-31T22:50:25","date_gmt":"2022-07-31T20:50:25","guid":{"rendered":"https:\/\/cftc-syntec.fr\/testimport\/plan-de-departs-volontaires\/"},"modified":"2022-07-31T22:50:25","modified_gmt":"2022-07-31T20:50:25","slug":"plan-de-departs-volontaires","status":"publish","type":"post","link":"https:\/\/cftc-syntec.fr\/testimport\/plan-de-departs-volontaires\/","title":{"rendered":"PLAN DE D\u00c9PARTS VOLONTAIRES"},"content":{"rendered":"<p>CHEZ SFR : UNE HISTOIRE SANS FIN<\/p>\n<p>En 2021, SFR a vu son nombre de clients et son chiffre d\u2019affaires augmenter. Apr\u00e8s avoir acquis ces deux derni\u00e8res ann\u00e9es, Coriolis, Afone, Prixtel, Syma, SFR continue ses rachats d\u2019entreprise. Pourtant, l\u2019entreprise a mis en place un plan de d\u00e9parts volontaires (PDV) qui a pouss\u00e9 au d\u00e9part 17% de son effectif.<\/p>\n<p>Pour rappel, en 2017, un premier plan de d\u00e9part volontaire a \u00e9t\u00e9 fait, supprimant 5 000 postes. Le dernier, homologu\u00e9 par la DRIEETS en novembre 2021, a eu pour cons\u00e9quence le d\u00e9part de 1 400 salari\u00e9s en 4 mois. Ceux-ci ont donc quitt\u00e9 SFR en b\u00e9n\u00e9ficiant d\u2019un dispositif de fin de carri\u00e8re, d\u2019une formation ou d\u2019un nouvel emploi). N\u00e9anmoins, plus d\u2019une centaine de salari\u00e9s, \u00e9ligibles au d\u00e9part volontaire et qui ne sont pas partis, sont en cours de repositionnement en interne, avec diff\u00e9rents dispositifs d\u2019accompagnement.<\/p>\n<p>Un premier bilan de ce PDV va \u00eatre pr\u00e9sent\u00e9 en comit\u00e9 social et \u00e9conomique central, (CSEC), en juillet 2022, avec une consultation en septembre. La CFTC esp\u00e8re un \u201chappy end\u201d pour tous les salari\u00e9s.<\/p>\n<p>En effet, l\u2019arriv\u00e9e de nouveaux outils et de l\u2019intelligence artificielle justifiaient, en partie, la mise en \u0153uvre du PDV. Pourtant, certains services, dont l\u2019effectif a \u00e9t\u00e9 quasiment divis\u00e9 par deux, n\u2019ont pas vu leur charge de travail diminuer, celle-ci a parfois m\u00eame augment\u00e9. Et ils attendent toujours ces nouveaux outils qui devaient compenser la perte de personnel.<\/p>\n<p>Aujourd\u2019hui, les 6 500 salari\u00e9s de SFR sont de plus en plus en surcharge de travail et, en prime, la n\u00e9gociation annuelle obligatoire (NAO) s\u2019est r\u00e9v\u00e9l\u00e9e insatisfaisante. En effet, malgr\u00e9 un chiffre d\u2019affaires et des r\u00e9sultats en hausse, seuls les bas salaires ont b\u00e9n\u00e9fici\u00e9 d\u2019une augmentation collective, les autres ont re\u00e7u des augmentations individuelles bien \u00e9loign\u00e9es des 5% d\u2019inflation.<\/p>\n<p>N\u2019oubliez de faire savoir autour de vous que la CFTC SFR accompagne toujours les salari\u00e9s, que ce soit ceux qui sont partis et ceux qui restent\u2026<\/p>\n<p>L\u2019article <a href=\"https:\/\/www.cftcmediaplus.fr\/telecoms\/plan-de-departs-volontaires\/\">PLAN DE D\u00c9PARTS VOLONTAIRES<\/a> est apparu en premier sur <a href=\"https:\/\/www.cftcmediaplus.fr\/\">CFTC Media Plus<\/a>.<\/p>\n","protected":false},"excerpt":{"rendered":"<p>CHEZ SFR : UNE HISTOIRE SANS FIN En 2021, SFR a vu son nombre de clients et son chiffre d\u2019affaires augmenter. Apr\u00e8s avoir acquis ces deux derni\u00e8res ann\u00e9es, Coriolis, Afone, Prixtel, Syma, SFR continue ses rachats d\u2019entreprise. Pourtant, l\u2019entreprise a mis en place un plan de d\u00e9parts volontaires (PDV) qui a pouss\u00e9 au d\u00e9part 17% [&hellip;]<\/p>\n","protected":false},"author":0,"featured_media":0,"comment_status":"open","ping_status":"open","sticky":false,"template":"","format":"standard","meta":[],"categories":[1],"tags":[],"_links":{"self":[{"href":"https:\/\/cftc-syntec.fr\/testimport\/wp-json\/wp\/v2\/posts\/4485"}],"collection":[{"href":"https:\/\/cftc-syntec.fr\/testimport\/wp-json\/wp\/v2\/posts"}],"about":[{"href":"https:\/\/cftc-syntec.fr\/testimport\/wp-json\/wp\/v2\/types\/post"}],"replies":[{"embeddable":true,"href":"https:\/\/cftc-syntec.fr\/testimport\/wp-json\/wp\/v2\/comments?post=4485"}],"version-history":[{"count":0,"href":"https:\/\/cftc-syntec.fr\/testimport\/wp-json\/wp\/v2\/posts\/4485\/revisions"}],"wp:attachment":[{"href":"https:\/\/cftc-syntec.fr\/testimport\/wp-json\/wp\/v2\/media?parent=4485"}],"wp:term":[{"taxonomy":"category","embeddable":true,"href":"https:\/\/cftc-syntec.fr\/testimport\/wp-json\/wp\/v2\/categories?post=4485"},{"taxonomy":"post_tag","embeddable":true,"href":"https:\/\/cftc-syntec.fr\/testimport\/wp-json\/wp\/v2\/tags?post=4485"}],"curies":[{"name":"wp","href":"https:\/\/api.w.org\/{rel}","templated":true}]}}