{"id":4486,"date":"2022-08-01T01:22:46","date_gmt":"2022-07-31T23:22:46","guid":{"rendered":"https:\/\/cftc-syntec.fr\/testimport\/assemblee-generale-snpelac-pour-un-avenir-commun-au-sein-de-la-federation-media\/"},"modified":"2022-08-01T01:22:46","modified_gmt":"2022-07-31T23:22:46","slug":"assemblee-generale-snpelac-pour-un-avenir-commun-au-sein-de-la-federation-media","status":"publish","type":"post","link":"https:\/\/cftc-syntec.fr\/testimport\/assemblee-generale-snpelac-pour-un-avenir-commun-au-sein-de-la-federation-media\/","title":{"rendered":"ASSEMBL\u00c9E G\u00c9N\u00c9RALE SNPELAC POUR UN AVENIR COMMUN AU SEIN DE LA F\u00c9D\u00c9RATION MEDIA+"},"content":{"rendered":"<p>Les \u00e9quipes du SNPELAC (Syndicat National des Personnels de l\u2019Edition, de la Librairie et des Activit\u00e9s Connexes) se sont r\u00e9unies \u00e0 Tours les 30 et 31 mai. Dans le cadre de leur Assembl\u00e9e G\u00e9n\u00e9rale non \u00e9lective et en pr\u00e9sence de leur pr\u00e9sident d\u2019honneur Alain Devineau et des repr\u00e9sentants f\u00e9d\u00e9raux, l\u2019actualit\u00e9 et les difficult\u00e9s de leur secteur ont \u00e9t\u00e9 \u00e9voqu\u00e9es. Fusions et rachats de groupes, p\u00e9nurie de mati\u00e8res premi\u00e8res, baisses de production et ambitions de la fili\u00e8re recyclage\u2026 les sujets \u00e9taient nombreux.<\/p>\n<p>Les repr\u00e9sentants du secteur du Papier Carton \u00e9taient \u00e9galement invit\u00e9s. Avec des pr\u00e9occupations qui se rejoignent au sein de la fili\u00e8re papeti\u00e8re et \u00e9dition et forts de leur compl\u00e9mentarit\u00e9 et de leur motivation, ce fut l\u2019occasion pour les participants d\u2019\u00e9voquer un avenir commun au sein de la F\u00e9d\u00e9ration Media+ et les perspectives de d\u00e9veloppement. De quoi travailler pour les mois \u00e0 venir.<\/p>\n<p><strong>Pour le SNPELAC<\/strong> : Pascal Boulin, Pascale Sciare, Vincent Broutin, Patrick Charpentier, Thierry Guiot, Michel-Emmanuel Torres, Alain Devineau.<\/p>\n<p><strong>Pour Le Papier Carton<\/strong> : Mo\u00ebz Thabet, Johann Decoux, Lionel Fritsch.<\/p>\n<p><strong>Pour La F\u00e9d\u00e9ration<\/strong> : Anne Chatain, Thierry Patenne.<strong><\/strong><\/p>\n<p>L\u2019article <a href=\"https:\/\/www.cftcmediaplus.fr\/edition\/assemblee-generale-snpelac-pour-un-avenir-commun-au-sein-de-la-federation-media\/\">ASSEMBL\u00c9E G\u00c9N\u00c9RALE SNPELAC POUR UN AVENIR COMMUN AU SEIN DE LA F\u00c9D\u00c9RATION MEDIA+<\/a> est apparu en premier sur <a href=\"https:\/\/www.cftcmediaplus.fr\/\">CFTC Media Plus<\/a>.<\/p>\n","protected":false},"excerpt":{"rendered":"<p>Les \u00e9quipes du SNPELAC (Syndicat National des Personnels de l\u2019Edition, de la Librairie et des Activit\u00e9s Connexes) se sont r\u00e9unies \u00e0 Tours les 30 et 31 mai. Dans le cadre de leur Assembl\u00e9e G\u00e9n\u00e9rale non \u00e9lective et en pr\u00e9sence de leur pr\u00e9sident d\u2019honneur Alain Devineau et des repr\u00e9sentants f\u00e9d\u00e9raux, l\u2019actualit\u00e9 et les difficult\u00e9s de leur [&hellip;]<\/p>\n","protected":false},"author":0,"featured_media":0,"comment_status":"open","ping_status":"open","sticky":false,"template":"","format":"standard","meta":[],"categories":[1],"tags":[],"_links":{"self":[{"href":"https:\/\/cftc-syntec.fr\/testimport\/wp-json\/wp\/v2\/posts\/4486"}],"collection":[{"href":"https:\/\/cftc-syntec.fr\/testimport\/wp-json\/wp\/v2\/posts"}],"about":[{"href":"https:\/\/cftc-syntec.fr\/testimport\/wp-json\/wp\/v2\/types\/post"}],"replies":[{"embeddable":true,"href":"https:\/\/cftc-syntec.fr\/testimport\/wp-json\/wp\/v2\/comments?post=4486"}],"version-history":[{"count":0,"href":"https:\/\/cftc-syntec.fr\/testimport\/wp-json\/wp\/v2\/posts\/4486\/revisions"}],"wp:attachment":[{"href":"https:\/\/cftc-syntec.fr\/testimport\/wp-json\/wp\/v2\/media?parent=4486"}],"wp:term":[{"taxonomy":"category","embeddable":true,"href":"https:\/\/cftc-syntec.fr\/testimport\/wp-json\/wp\/v2\/categories?post=4486"},{"taxonomy":"post_tag","embeddable":true,"href":"https:\/\/cftc-syntec.fr\/testimport\/wp-json\/wp\/v2\/tags?post=4486"}],"curies":[{"name":"wp","href":"https:\/\/api.w.org\/{rel}","templated":true}]}}