{"id":4489,"date":"2022-08-01T01:22:47","date_gmt":"2022-07-31T23:22:47","guid":{"rendered":"https:\/\/cftc-syntec.fr\/testimport\/le-syndicat-cftcdes-postes-et-telecommunicationsde-la-reunion-est-relance-et-sest-elargi-a-mayotte\/"},"modified":"2022-08-01T01:22:47","modified_gmt":"2022-07-31T23:22:47","slug":"le-syndicat-cftcdes-postes-et-telecommunicationsde-la-reunion-est-relance-et-sest-elargi-a-mayotte","status":"publish","type":"post","link":"https:\/\/cftc-syntec.fr\/testimport\/le-syndicat-cftcdes-postes-et-telecommunicationsde-la-reunion-est-relance-et-sest-elargi-a-mayotte\/","title":{"rendered":"LE SYNDICAT CFTCDES POSTES ET T\u00c9L\u00c9COMMUNICATIONSDE LA R\u00c9UNION EST RELANC\u00c9 ET S\u2019EST \u00c9LARGI \u00c0 MAYOTTE"},"content":{"rendered":"<p>Depuis plusieurs ann\u00e9es, le syndicat des Postes et T\u00e9l\u00e9communications de La R\u00e9union ne fonctionnait plus : carence de dirigeants, assembl\u00e9e g\u00e9n\u00e9rale non tenue. Heureusement, des adh\u00e9rents et militants actifs dans leurs entreprises, en particulier chez SRR la filiale r\u00e9unionnaise de SFR, ont conduit la F\u00e9d\u00e9ration \u00e0 d\u00e9cider la relance du syndicat.<\/p>\n<p>En octobre 2021, la F\u00e9d\u00e9ration d\u00e9tache sur place une militante de la Poste, Laetitia Barbaret. Sa mission : organiser une assembl\u00e9e g\u00e9n\u00e9rale d\u00e9but 2022, prendre contacts avec les adh\u00e9rents et sections, se faire conna\u00eetre aupr\u00e8s de l\u2019Union R\u00e9gionale et visiter les \u00e9tablissements de La Poste.<\/p>\n<p>La F\u00e9d\u00e9ration suit avec attention ses premiers pas et lui apporte un soutien m\u00e9thodologique et logistique. De nouveaux statuts sont r\u00e9dig\u00e9s \u00e9largissant notamment le p\u00e9rim\u00e8tre g\u00e9ographique \u00e0 Mayotte. Des militants, alors, acceptent de s\u2019engager et de relever le d\u00e9fi en se portant volontaires pour prendre des responsabilit\u00e9s au sein du syndicat.<\/p>\n<p>cat. Pour l\u2019assembl\u00e9e g\u00e9n\u00e9rale fix\u00e9e au 5 avril 2022, la f\u00e9d\u00e9ration a envoy\u00e9 sur place son secr\u00e9taire g\u00e9n\u00e9ral, Thierry Patenne, ainsi que le tr\u00e9sorier et pr\u00e9sident de la Section nationale La Poste, Christophe Barrat. Elle a ainsi montr\u00e9 son investissement et sa volont\u00e9 de relancer le syndicat. Au-del\u00e0 de l\u2019AG, il s\u2019agissait aussi de renforcer les liens avec l\u2019URS La R\u00e9union-Mayotte et d\u2019appuyer et faire conna\u00eetre Laetitia Barbaret, la militante CFTC, en rencontrant les plus hauts responsables de la direction r\u00e9gionale de La poste de la R\u00e9union qui couvre l\u2019ensemble des services postaux sur place.<\/p>\n<p>L\u2019AG a adopt\u00e9 les nouveaux statuts et a \u00e9lu une nouvelle \u00e9quipe : Laetitia Barbaret, pr\u00e9sidente, Chantal Audifax, secr\u00e9taire g\u00e9n\u00e9rale, Richard Chan-Chit-Sang, tr\u00e9sorier. L\u2019Union R\u00e9gionale repr\u00e9sent\u00e9e par Jean-Yves Hoarau (pr\u00e9sident), Olivier Vienne (vice-pr\u00e9sident), Jimmy Carassou (secr\u00e9taire g\u00e9n\u00e9ral) et Jean-Harry Lapierre (juriste) a r\u00e9affirm\u00e9 tout le soutien qu\u2019elle pouvait apporter \u00e0 la CFTC.<\/p>\n<p>In fine, le syndicat \u00e9largi des Postes et T\u00e9l\u00e9communications de La R\u00e9union-Mayotte est bien relanc\u00e9. D\u00e9sormais, une \u00e9quipe dirigeante, tr\u00e8s motiv\u00e9e, est en place. Elle se forme et sait pouvoir compter sur les soutiens de la F\u00e9d\u00e9ration et de l\u2019Union R\u00e9gionale.<\/p>\n<p>L\u2019article <a href=\"https:\/\/www.cftcmediaplus.fr\/postes\/le-syndicat-cftc-des-postes-et-telecommunications-de-la-reunion-est-relance-et-sest-elargi-a-mayotte\/\">LE SYNDICAT CFTC&lt;br&gt;DES POSTES ET T\u00c9L\u00c9COMMUNICATIONS&lt;br&gt;DE LA R\u00c9UNION EST RELANC\u00c9 ET S\u2019EST \u00c9LARGI \u00c0 MAYOTTE<\/a> est apparu en premier sur <a href=\"https:\/\/www.cftcmediaplus.fr\/\">CFTC Media Plus<\/a>.<\/p>\n","protected":false},"excerpt":{"rendered":"<p>Depuis plusieurs ann\u00e9es, le syndicat des Postes et T\u00e9l\u00e9communications de La R\u00e9union ne fonctionnait plus : carence de dirigeants, assembl\u00e9e g\u00e9n\u00e9rale non tenue. Heureusement, des adh\u00e9rents et militants actifs dans leurs entreprises, en particulier chez SRR la filiale r\u00e9unionnaise de SFR, ont conduit la F\u00e9d\u00e9ration \u00e0 d\u00e9cider la relance du syndicat. En octobre 2021, la [&hellip;]<\/p>\n","protected":false},"author":0,"featured_media":0,"comment_status":"open","ping_status":"open","sticky":false,"template":"","format":"standard","meta":[],"categories":[1],"tags":[],"_links":{"self":[{"href":"https:\/\/cftc-syntec.fr\/testimport\/wp-json\/wp\/v2\/posts\/4489"}],"collection":[{"href":"https:\/\/cftc-syntec.fr\/testimport\/wp-json\/wp\/v2\/posts"}],"about":[{"href":"https:\/\/cftc-syntec.fr\/testimport\/wp-json\/wp\/v2\/types\/post"}],"replies":[{"embeddable":true,"href":"https:\/\/cftc-syntec.fr\/testimport\/wp-json\/wp\/v2\/comments?post=4489"}],"version-history":[{"count":0,"href":"https:\/\/cftc-syntec.fr\/testimport\/wp-json\/wp\/v2\/posts\/4489\/revisions"}],"wp:attachment":[{"href":"https:\/\/cftc-syntec.fr\/testimport\/wp-json\/wp\/v2\/media?parent=4489"}],"wp:term":[{"taxonomy":"category","embeddable":true,"href":"https:\/\/cftc-syntec.fr\/testimport\/wp-json\/wp\/v2\/categories?post=4489"},{"taxonomy":"post_tag","embeddable":true,"href":"https:\/\/cftc-syntec.fr\/testimport\/wp-json\/wp\/v2\/tags?post=4489"}],"curies":[{"name":"wp","href":"https:\/\/api.w.org\/{rel}","templated":true}]}}