{"id":4504,"date":"2022-09-01T15:42:44","date_gmt":"2022-09-01T13:42:44","guid":{"rendered":"https:\/\/cftc-syntec.fr\/testimport\/cest-la-rentree-mais-pas-chez-mediapost\/"},"modified":"2022-09-01T15:42:44","modified_gmt":"2022-09-01T13:42:44","slug":"cest-la-rentree-mais-pas-chez-mediapost","status":"publish","type":"post","link":"https:\/\/cftc-syntec.fr\/testimport\/cest-la-rentree-mais-pas-chez-mediapost\/","title":{"rendered":"C\u2019est la rentr\u00e9e, mais pas chez Mediapost"},"content":{"rendered":"<p>1er septembre, 1er jour de l\u2019exp\u00e9rimentation du \u00ab\u00a0Oui-Pub\u00a0\u00bb<\/p>\n<p>Dans l\u2019agglom\u00e9ration Grenobloise (comme dans 15 autres zones d\u2019exp\u00e9rimentation), depuis aujourd\u2019hui, les personnes souhaitant recevoir de la publicit\u00e9 dans leur boite aux lettres doivent apposer l\u2019autocollant \u00ab\u00a0Oui-Pub\u00a0\u00bb. Sans cela, ils ne recevront plus les catalogues des promotions des enseignes alentours.<\/p>\n<p>Avec 450 000 habitants, Grenoble Alpes M\u00e9tropole est le plus important territoire concern\u00e9 par l\u2019exp\u00e9rimentation \u00ab\u00a0Oui pub\u00a0\u00bb.<\/p>\n<p><strong>La CFTC Mediapost commente les premiers impacts de cette exp\u00e9rimentation.<\/strong><\/p>\n<p>En zone \u00ab\u00a0oui pub\u00a0\u00bb de Grenoble, Mediapost donne \u00e0 pr\u00e9parer et \u00e0 distribuer aux distributeurs seulement 15% de la quantit\u00e9 habituelle, sur la base d\u2019une estimation faite par Mediapost.<\/p>\n<p>En r\u00e9alit\u00e9, peu de particuliers (entre 5 et 10%) ont coll\u00e9 \u00ab\u00a0oui pub \u00a0\u00bb sur leur bo\u00eete aux lettres.<\/p>\n<p>Le nombre de publicit\u00e9s diff\u00e9rentes \u00e0 distribuer sur les zones \u00ab\u00a0oui pub\u00a0\u00bb est tr\u00e8s faible, 3 maximum, car de leurs c\u00f4t\u00e9s, les annonceurs ont diminu\u00e9 le nombre de catalogue \u00e0 distribuer dans ces zones, comme Carrefour, qui a arr\u00eat\u00e9 toute distribution.<\/p>\n<p>C\u2019est peut-\u00eatre d\u00fb \u00e0 l\u2019augmentation des prix de vente dans ces zones annonc\u00e9e par Mediapost. \u00a0Il est vrai que la pr\u00e9paration m\u00e9canis\u00e9e n\u2019\u00e9tant plus rentable financi\u00e8rement, tous les secteurs en zone \u00ab\u00a0oui pub\u00a0\u00bb sont pass\u00e9s en pr\u00e9paration manuelle, donc plus cher.<\/p>\n<p>Bien s\u00fbr, pour la CFTC, l\u2019inqui\u00e9tude la plus importante est pour l\u2019emploi des distributeurs.<\/p>\n<p>Pour la r\u00e9gion grenobloise, environ 40 postes sont menac\u00e9s. Les reclassements vers le groupe La Poste sont difficiles, avec un seul reclassement \u00e0 ce jour. \u00a0Environ 15 personnes ont trouv\u00e9 une solution, dont le dispositif de rupture conventionnelle collective, qui ne fonctionne que pour une partie des effectifs. \u00a0<\/p>\n<p>Que va-t-on faire pour les 25 personnes restant sur le carreau\u00a0?<\/p>\n<p>L\u2019article <a href=\"https:\/\/www.cftcmediaplus.fr\/federation\/cest-la-rentree-mais-pas-chez-mediapost\/\">C\u2019est la rentr\u00e9e, mais pas chez Mediapost<\/a> est apparu en premier sur <a href=\"https:\/\/www.cftcmediaplus.fr\/\">CFTC Media Plus<\/a>.<\/p>\n","protected":false},"excerpt":{"rendered":"<p>1er septembre, 1er jour de l\u2019exp\u00e9rimentation du \u00ab\u00a0Oui-Pub\u00a0\u00bb Dans l\u2019agglom\u00e9ration Grenobloise (comme dans 15 autres zones d\u2019exp\u00e9rimentation), depuis aujourd\u2019hui, les personnes souhaitant recevoir de la publicit\u00e9 dans leur boite aux lettres doivent apposer l\u2019autocollant \u00ab\u00a0Oui-Pub\u00a0\u00bb. Sans cela, ils ne recevront plus les catalogues des promotions des enseignes alentours. Avec 450 000 habitants, Grenoble Alpes M\u00e9tropole [&hellip;]<\/p>\n","protected":false},"author":0,"featured_media":0,"comment_status":"open","ping_status":"open","sticky":false,"template":"","format":"standard","meta":[],"categories":[1],"tags":[],"_links":{"self":[{"href":"https:\/\/cftc-syntec.fr\/testimport\/wp-json\/wp\/v2\/posts\/4504"}],"collection":[{"href":"https:\/\/cftc-syntec.fr\/testimport\/wp-json\/wp\/v2\/posts"}],"about":[{"href":"https:\/\/cftc-syntec.fr\/testimport\/wp-json\/wp\/v2\/types\/post"}],"replies":[{"embeddable":true,"href":"https:\/\/cftc-syntec.fr\/testimport\/wp-json\/wp\/v2\/comments?post=4504"}],"version-history":[{"count":0,"href":"https:\/\/cftc-syntec.fr\/testimport\/wp-json\/wp\/v2\/posts\/4504\/revisions"}],"wp:attachment":[{"href":"https:\/\/cftc-syntec.fr\/testimport\/wp-json\/wp\/v2\/media?parent=4504"}],"wp:term":[{"taxonomy":"category","embeddable":true,"href":"https:\/\/cftc-syntec.fr\/testimport\/wp-json\/wp\/v2\/categories?post=4504"},{"taxonomy":"post_tag","embeddable":true,"href":"https:\/\/cftc-syntec.fr\/testimport\/wp-json\/wp\/v2\/tags?post=4504"}],"curies":[{"name":"wp","href":"https:\/\/api.w.org\/{rel}","templated":true}]}}