{"id":4506,"date":"2022-09-02T13:09:14","date_gmt":"2022-09-02T11:09:14","guid":{"rendered":"https:\/\/cftc-syntec.fr\/testimport\/allocation-aux-adultes-handicapes-sa-deconjugalisation-definitivement-adoptee\/"},"modified":"2022-09-02T13:09:14","modified_gmt":"2022-09-02T11:09:14","slug":"allocation-aux-adultes-handicapes-sa-deconjugalisation-definitivement-adoptee","status":"publish","type":"post","link":"https:\/\/cftc-syntec.fr\/testimport\/allocation-aux-adultes-handicapes-sa-deconjugalisation-definitivement-adoptee\/","title":{"rendered":"Allocation aux adultes handicap\u00e9s : sa d\u00e9conjugalisation d\u00e9finitivement adopt\u00e9e"},"content":{"rendered":"<p>Cet article <a href=\"https:\/\/www.cftc.fr\/actualites\/social\/allocation-aux-adultes-handicapes-sa-deconjugalisation-definitivement-adoptee\">Allocation aux adultes handicap\u00e9s : sa d\u00e9conjugalisation d\u00e9finitivement adopt\u00e9e<\/a> est apparu en premier sur <a href=\"https:\/\/www.cftc.fr\/\">CFTC<\/a>.<\/p>\n","protected":false},"excerpt":{"rendered":"<p>Cet article Allocation aux adultes handicap\u00e9s : sa d\u00e9conjugalisation d\u00e9finitivement adopt\u00e9e est apparu en premier sur CFTC.<\/p>\n","protected":false},"author":0,"featured_media":0,"comment_status":"open","ping_status":"open","sticky":false,"template":"","format":"standard","meta":[],"categories":[1],"tags":[],"_links":{"self":[{"href":"https:\/\/cftc-syntec.fr\/testimport\/wp-json\/wp\/v2\/posts\/4506"}],"collection":[{"href":"https:\/\/cftc-syntec.fr\/testimport\/wp-json\/wp\/v2\/posts"}],"about":[{"href":"https:\/\/cftc-syntec.fr\/testimport\/wp-json\/wp\/v2\/types\/post"}],"replies":[{"embeddable":true,"href":"https:\/\/cftc-syntec.fr\/testimport\/wp-json\/wp\/v2\/comments?post=4506"}],"version-history":[{"count":0,"href":"https:\/\/cftc-syntec.fr\/testimport\/wp-json\/wp\/v2\/posts\/4506\/revisions"}],"wp:attachment":[{"href":"https:\/\/cftc-syntec.fr\/testimport\/wp-json\/wp\/v2\/media?parent=4506"}],"wp:term":[{"taxonomy":"category","embeddable":true,"href":"https:\/\/cftc-syntec.fr\/testimport\/wp-json\/wp\/v2\/categories?post=4506"},{"taxonomy":"post_tag","embeddable":true,"href":"https:\/\/cftc-syntec.fr\/testimport\/wp-json\/wp\/v2\/tags?post=4506"}],"curies":[{"name":"wp","href":"https:\/\/api.w.org\/{rel}","templated":true}]}}