{"id":4507,"date":"2022-09-05T19:15:53","date_gmt":"2022-09-05T17:15:53","guid":{"rendered":"https:\/\/cftc-syntec.fr\/testimport\/worldline-la-cftc-appelle-a-la-greve\/"},"modified":"2022-09-05T19:15:53","modified_gmt":"2022-09-05T17:15:53","slug":"worldline-la-cftc-appelle-a-la-greve","status":"publish","type":"post","link":"https:\/\/cftc-syntec.fr\/testimport\/worldline-la-cftc-appelle-a-la-greve\/","title":{"rendered":"Worldline\u00a0: la CFTC appelle \u00e0 la gr\u00e8ve"},"content":{"rendered":"<h1><\/h1>\n<p>Demain, le 6 septembre, les salari\u00e9s sont appel\u00e9s \u00e0 cesser le travail par l\u2019intersyndicale, dont la CFTC fait partie.<\/p>\n<\/p>\n<p>Pour la premi\u00e8re fois depuis 12 ans, et l\u2019introduction en bourse de cette entreprise sp\u00e9cialiste du paiement num\u00e9rique et \u00e9lectronique, les syndicats ont lanc\u00e9 un appel \u00e0 la gr\u00e8ve reconductible.<\/p>\n<p>La raison de leur col\u00e8re\u00a0?<\/p>\n<p>Woldline, c\u2019est 4000 salari\u00e9s en France (et 20000 dans le monde), r\u00e9partis sur 10 sites, des salari\u00e9s mal pay\u00e9s.\u00a0<\/p>\n<p>Depuis plusieurs ann\u00e9es, la politique salariale est source de m\u00e9contentement du c\u00f4t\u00e9 des salari\u00e9s. L\u2019entreprise pratique une politique de \u00ab\u00a0juniorisation\u00a0\u00bb, embauchant des jeunes peu pay\u00e9s et n\u2019augmentant peu les salari\u00e9s plus exp\u00e9riment\u00e9s.<\/p>\n<p>Pourtant, ce ne sont pas les b\u00e9n\u00e9fices qui manquent, cette entreprise se porte tr\u00e8s bien et fait \u00e9cho de ses bons r\u00e9sultats.<\/p>\n<p>Aussi, en juin, lorsque leur a \u00e9t\u00e9 pr\u00e9sent\u00e9 l\u2019accord d\u2019int\u00e9ressement, les OS ne l\u2019ont pas sign\u00e9, pour la premi\u00e8re fois dans l\u2019histoire de l\u2019entreprise, car la somme propos\u00e9e aux salari\u00e9s \u00e9tait ridicule au vu des r\u00e9sultats de l\u2019entreprise.<\/p>\n<p>Cet accord d\u2019int\u00e9ressement a \u00e9t\u00e9 la goutte qui a fait d\u00e9border le vase.<\/p>\n<p>Aujourd\u2019hui, les syndicats, dont la CFTC, demandent une vraie augmentation de salaire de 150 euros brut par mois, un effort de l\u2019entreprise pour r\u00e9compenser ses salari\u00e9s du travail effectu\u00e9. \u00a0\u00a0<\/p>\n<p>Depuis l\u2019introduction en bourse de cette entreprise, seuls les r\u00e9sultats financiers sont pris en compte.\u00a0 A la CFTC, on estime que l\u2019humain doit primer sur les r\u00e9sultats et que la redistribution des richesses doit \u00eatre \u00e9quitable\u00a0!<\/p>\n<p>L\u2019article <a href=\"https:\/\/www.cftcmediaplus.fr\/numerique\/worldline-la-cftc-appelle-a-la-greve\/\">Worldline\u00a0: la CFTC appelle \u00e0 la gr\u00e8ve<\/a> est apparu en premier sur <a href=\"https:\/\/www.cftcmediaplus.fr\/\">CFTC Media Plus<\/a>.<\/p>\n","protected":false},"excerpt":{"rendered":"<p>Demain, le 6 septembre, les salari\u00e9s sont appel\u00e9s \u00e0 cesser le travail par l\u2019intersyndicale, dont la CFTC fait partie. Pour la premi\u00e8re fois depuis 12 ans, et l\u2019introduction en bourse de cette entreprise sp\u00e9cialiste du paiement num\u00e9rique et \u00e9lectronique, les syndicats ont lanc\u00e9 un appel \u00e0 la gr\u00e8ve reconductible. La raison de leur col\u00e8re\u00a0? Woldline, [&hellip;]<\/p>\n","protected":false},"author":0,"featured_media":0,"comment_status":"open","ping_status":"open","sticky":false,"template":"","format":"standard","meta":[],"categories":[1],"tags":[],"_links":{"self":[{"href":"https:\/\/cftc-syntec.fr\/testimport\/wp-json\/wp\/v2\/posts\/4507"}],"collection":[{"href":"https:\/\/cftc-syntec.fr\/testimport\/wp-json\/wp\/v2\/posts"}],"about":[{"href":"https:\/\/cftc-syntec.fr\/testimport\/wp-json\/wp\/v2\/types\/post"}],"replies":[{"embeddable":true,"href":"https:\/\/cftc-syntec.fr\/testimport\/wp-json\/wp\/v2\/comments?post=4507"}],"version-history":[{"count":0,"href":"https:\/\/cftc-syntec.fr\/testimport\/wp-json\/wp\/v2\/posts\/4507\/revisions"}],"wp:attachment":[{"href":"https:\/\/cftc-syntec.fr\/testimport\/wp-json\/wp\/v2\/media?parent=4507"}],"wp:term":[{"taxonomy":"category","embeddable":true,"href":"https:\/\/cftc-syntec.fr\/testimport\/wp-json\/wp\/v2\/categories?post=4507"},{"taxonomy":"post_tag","embeddable":true,"href":"https:\/\/cftc-syntec.fr\/testimport\/wp-json\/wp\/v2\/tags?post=4507"}],"curies":[{"name":"wp","href":"https:\/\/api.w.org\/{rel}","templated":true}]}}