{"id":4510,"date":"2022-09-06T18:52:35","date_gmt":"2022-09-06T16:52:35","guid":{"rendered":"https:\/\/cftc-syntec.fr\/testimport\/la-poste-nouvelle-gamme-courrier\/"},"modified":"2022-09-06T18:52:35","modified_gmt":"2022-09-06T16:52:35","slug":"la-poste-nouvelle-gamme-courrier","status":"publish","type":"post","link":"https:\/\/cftc-syntec.fr\/testimport\/la-poste-nouvelle-gamme-courrier\/","title":{"rendered":"La Poste : NOUVELLE GAMME COURRIER"},"content":{"rendered":"<p>LA CFTC DEMANDE DES GARANTIES\u2026<\/p>\n<p>La Direction du Courrier a d\u00e9voil\u00e9 la nouvelle gamme courrier pour, selon elle, palier \u00e0 la baisse du chiffre d\u2019affaires de La Poste et r\u00e9pondre aux nouvelles attentes des clients. <\/p>\n<p>Le J+3 va devenir le standard de distribution, le timbre vert devient la norme. Le timbre rouge est physiquement supprim\u00e9 et sera d\u00e9mat\u00e9rialis\u00e9.<\/p>\n<p>C\u2019est toute la cha\u00eene du traitement et de la distribution qui va \u00eatre impact\u00e9e !<br \/>Quelles r\u00e9percussions pour le personnel ?<br \/>\u27a2 Craintes sur les horaires en PPDC et PPDC Multiflux.<br \/>\u27a2 Craintes sur une flexibilit\u00e9 accrue des organisations avec une adaptation des moyens en fonction des flux.<br \/>\u27a2 Craintes sur les effectifs.<\/p>\n<\/p>\n<p>Pour la CFTC, NGC doit offrir de nouvelles perspectives aux posti\u00e8res et aux postiers et non l\u2019inverse !<\/p>\n<\/p>\n<p><strong>La CFTC demande<\/strong><br \/>\u2022 Un retour sur les exp\u00e9rimentations \u00e0 venir \u00e0 la distribution avant le d\u00e9ploiement national.<br \/>\u2022 Le maintien de la notion de titulaire de tourn\u00e9e et de vente de quartier.<br \/>\u2022 Des promotions et des effectifs \u00e0 la hauteur des \u00e9volutions \u00e0 venir.<br \/>\u2022 Un accompagnement financier digne des enjeux.<\/p>\n<p><strong>La CFTC refuse<\/strong><br \/>\u2022 Que sous couvert de d\u00e9veloppement durable et d\u2019adaptation aux nouvelles habitudes de consommation, La Poste en profite pour faire un nouveau plan de r\u00e9duction de personnel.<\/p>\n<p>IMPORTANT :<br \/>La nouvelle gamme courrier rentrera en vigueur le 1er janvier 2023.<\/p>\n<p>L\u2019article <a href=\"https:\/\/www.cftcmediaplus.fr\/postes\/la-poste-nouvelle-gamme-courrier\/\">La Poste : NOUVELLE GAMME COURRIER<\/a> est apparu en premier sur <a href=\"https:\/\/www.cftcmediaplus.fr\/\">CFTC Media Plus<\/a>.<\/p>\n","protected":false},"excerpt":{"rendered":"<p>LA CFTC DEMANDE DES GARANTIES\u2026 La Direction du Courrier a d\u00e9voil\u00e9 la nouvelle gamme courrier pour, selon elle, palier \u00e0 la baisse du chiffre d\u2019affaires de La Poste et r\u00e9pondre aux nouvelles attentes des clients. Le J+3 va devenir le standard de distribution, le timbre vert devient la norme. Le timbre rouge est physiquement supprim\u00e9 [&hellip;]<\/p>\n","protected":false},"author":0,"featured_media":0,"comment_status":"open","ping_status":"open","sticky":false,"template":"","format":"standard","meta":[],"categories":[1],"tags":[],"_links":{"self":[{"href":"https:\/\/cftc-syntec.fr\/testimport\/wp-json\/wp\/v2\/posts\/4510"}],"collection":[{"href":"https:\/\/cftc-syntec.fr\/testimport\/wp-json\/wp\/v2\/posts"}],"about":[{"href":"https:\/\/cftc-syntec.fr\/testimport\/wp-json\/wp\/v2\/types\/post"}],"replies":[{"embeddable":true,"href":"https:\/\/cftc-syntec.fr\/testimport\/wp-json\/wp\/v2\/comments?post=4510"}],"version-history":[{"count":0,"href":"https:\/\/cftc-syntec.fr\/testimport\/wp-json\/wp\/v2\/posts\/4510\/revisions"}],"wp:attachment":[{"href":"https:\/\/cftc-syntec.fr\/testimport\/wp-json\/wp\/v2\/media?parent=4510"}],"wp:term":[{"taxonomy":"category","embeddable":true,"href":"https:\/\/cftc-syntec.fr\/testimport\/wp-json\/wp\/v2\/categories?post=4510"},{"taxonomy":"post_tag","embeddable":true,"href":"https:\/\/cftc-syntec.fr\/testimport\/wp-json\/wp\/v2\/tags?post=4510"}],"curies":[{"name":"wp","href":"https:\/\/api.w.org\/{rel}","templated":true}]}}