{"id":4511,"date":"2022-09-06T18:52:35","date_gmt":"2022-09-06T16:52:35","guid":{"rendered":"https:\/\/cftc-syntec.fr\/testimport\/la-poste-au-coeur-des-pic-ngc-nouvelle-gamme-courrier\/"},"modified":"2022-09-06T18:52:35","modified_gmt":"2022-09-06T16:52:35","slug":"la-poste-au-coeur-des-pic-ngc-nouvelle-gamme-courrier","status":"publish","type":"post","link":"https:\/\/cftc-syntec.fr\/testimport\/la-poste-au-coeur-des-pic-ngc-nouvelle-gamme-courrier\/","title":{"rendered":"LA Poste \u2013 AU C\u0152UR DES PIC \u2013 NGC : NOUVELLE GAMME COURRIER"},"content":{"rendered":"<p>NOUVELLE GAMME COURRIER \u2013 LA CFTC DEMANDE DES GARANTIES\u2026<\/p>\n<p>La Direction du Courrier a d\u00e9voil\u00e9 la nouvelle gamme courrier pour, selon elle, palier \u00e0 la baisse du chiffre d\u2019affaires de La Poste et r\u00e9pondre aux nouvelles attentes des clients.<\/p>\n<p>Le J+3 va devenir le standard de distribution, le timbre vert devient la norme. Le timbre rouge est  physiquement supprim\u00e9 et sera d\u00e9mat\u00e9rialis\u00e9.<\/p>\n<p>C\u2019est toute la cha\u00eene du traitement et de la distribution qui va \u00eatre impact\u00e9e. De vraies inqui\u00e9tudes pour le personnel !<br \/>\u27a2 Craintes sur la p\u00e9rennit\u00e9 des brigades de nuit en PIC.<br \/>\u27a2 Craintes de refontes, de transformations et de poursuites des fermetures de PIC.<br \/>\u27a2 Craintes sur les emplois en PIC.<\/p>\n<p>Pour la CFTC, NGC doit offrir de nouvelles perspectives aux posti\u00e8res et aux postiers et non l\u2019inverse !<\/p>\n<p><strong>La CFTC demande<\/strong><br \/>\u2022 Que les Brigades de Nuit restent p\u00e9rennes pour ceux qui le souhaitent.<br \/>\u2022 Un sch\u00e9ma industriel \u00e0 la hauteur des enjeux de NGC et du Service Universel Postal.<br \/>\u2022 Des promotions et des effectifs \u00e0 la hauteur des transformations, NGC, LOG\u2019ISSIMO, EAP, UAP\u2026<\/p>\n<p>La CFTC refuse<br \/>\u2022 Que sous couvert de d\u00e9veloppement durable et d\u2019adaptation aux nouvelles habitudes de consommation, La Poste en profite pour faire un nouveau plan de r\u00e9duction de personnel en PIC.<\/p>\n<p>IMPORTANT :<br \/>La nouvelle gamme courrier rentrera en vigueur le 1er janvier 2023.<\/p>\n<p>L\u2019article <a href=\"https:\/\/www.cftcmediaplus.fr\/postes\/la-poste-au-coeur-des-pic-ngc-nouvelle-gamme-courrier\/\">LA Poste \u2013 AU C\u0152UR DES PIC \u2013 NGC : NOUVELLE GAMME COURRIER<\/a> est apparu en premier sur <a href=\"https:\/\/www.cftcmediaplus.fr\/\">CFTC Media Plus<\/a>.<\/p>\n","protected":false},"excerpt":{"rendered":"<p>NOUVELLE GAMME COURRIER \u2013 LA CFTC DEMANDE DES GARANTIES\u2026 La Direction du Courrier a d\u00e9voil\u00e9 la nouvelle gamme courrier pour, selon elle, palier \u00e0 la baisse du chiffre d\u2019affaires de La Poste et r\u00e9pondre aux nouvelles attentes des clients. Le J+3 va devenir le standard de distribution, le timbre vert devient la norme. Le timbre [&hellip;]<\/p>\n","protected":false},"author":0,"featured_media":0,"comment_status":"open","ping_status":"open","sticky":false,"template":"","format":"standard","meta":[],"categories":[1],"tags":[],"_links":{"self":[{"href":"https:\/\/cftc-syntec.fr\/testimport\/wp-json\/wp\/v2\/posts\/4511"}],"collection":[{"href":"https:\/\/cftc-syntec.fr\/testimport\/wp-json\/wp\/v2\/posts"}],"about":[{"href":"https:\/\/cftc-syntec.fr\/testimport\/wp-json\/wp\/v2\/types\/post"}],"replies":[{"embeddable":true,"href":"https:\/\/cftc-syntec.fr\/testimport\/wp-json\/wp\/v2\/comments?post=4511"}],"version-history":[{"count":0,"href":"https:\/\/cftc-syntec.fr\/testimport\/wp-json\/wp\/v2\/posts\/4511\/revisions"}],"wp:attachment":[{"href":"https:\/\/cftc-syntec.fr\/testimport\/wp-json\/wp\/v2\/media?parent=4511"}],"wp:term":[{"taxonomy":"category","embeddable":true,"href":"https:\/\/cftc-syntec.fr\/testimport\/wp-json\/wp\/v2\/categories?post=4511"},{"taxonomy":"post_tag","embeddable":true,"href":"https:\/\/cftc-syntec.fr\/testimport\/wp-json\/wp\/v2\/tags?post=4511"}],"curies":[{"name":"wp","href":"https:\/\/api.w.org\/{rel}","templated":true}]}}