{"id":4514,"date":"2022-09-09T13:44:19","date_gmt":"2022-09-09T11:44:19","guid":{"rendered":"https:\/\/cftc-syntec.fr\/testimport\/la-societe-maisons-phenix-ferme-les-portes-rencontre-avec-fernando-cabete-neves\/"},"modified":"2022-09-09T13:44:19","modified_gmt":"2022-09-09T11:44:19","slug":"la-societe-maisons-phenix-ferme-les-portes-rencontre-avec-fernando-cabete-neves","status":"publish","type":"post","link":"https:\/\/cftc-syntec.fr\/testimport\/la-societe-maisons-phenix-ferme-les-portes-rencontre-avec-fernando-cabete-neves\/","title":{"rendered":"La soci\u00e9t\u00e9 Maisons Ph\u00e9nix ferme les portes : rencontre avec Fernando Cabete Neves"},"content":{"rendered":"<p>Cet article <a href=\"https:\/\/www.cftc.fr\/actualites\/social\/la-societe-maisons-phenix-ferme-les-portes\">La soci\u00e9t\u00e9 Maisons Ph\u00e9nix ferme les portes : rencontre avec Fernando Cabete Neves<\/a> est apparu en premier sur <a href=\"https:\/\/www.cftc.fr\/\">CFTC<\/a>.<\/p>\n","protected":false},"excerpt":{"rendered":"<p>Cet article La soci\u00e9t\u00e9 Maisons Ph\u00e9nix ferme les portes : rencontre avec Fernando Cabete Neves est apparu en premier sur CFTC.<\/p>\n","protected":false},"author":0,"featured_media":0,"comment_status":"open","ping_status":"open","sticky":false,"template":"","format":"standard","meta":[],"categories":[1],"tags":[],"_links":{"self":[{"href":"https:\/\/cftc-syntec.fr\/testimport\/wp-json\/wp\/v2\/posts\/4514"}],"collection":[{"href":"https:\/\/cftc-syntec.fr\/testimport\/wp-json\/wp\/v2\/posts"}],"about":[{"href":"https:\/\/cftc-syntec.fr\/testimport\/wp-json\/wp\/v2\/types\/post"}],"replies":[{"embeddable":true,"href":"https:\/\/cftc-syntec.fr\/testimport\/wp-json\/wp\/v2\/comments?post=4514"}],"version-history":[{"count":0,"href":"https:\/\/cftc-syntec.fr\/testimport\/wp-json\/wp\/v2\/posts\/4514\/revisions"}],"wp:attachment":[{"href":"https:\/\/cftc-syntec.fr\/testimport\/wp-json\/wp\/v2\/media?parent=4514"}],"wp:term":[{"taxonomy":"category","embeddable":true,"href":"https:\/\/cftc-syntec.fr\/testimport\/wp-json\/wp\/v2\/categories?post=4514"},{"taxonomy":"post_tag","embeddable":true,"href":"https:\/\/cftc-syntec.fr\/testimport\/wp-json\/wp\/v2\/tags?post=4514"}],"curies":[{"name":"wp","href":"https:\/\/api.w.org\/{rel}","templated":true}]}}