{"id":4516,"date":"2022-09-12T12:33:26","date_gmt":"2022-09-12T10:33:26","guid":{"rendered":"https:\/\/cftc-syntec.fr\/testimport\/deces-de-daniel-clabaut\/"},"modified":"2022-09-12T12:33:26","modified_gmt":"2022-09-12T10:33:26","slug":"deces-de-daniel-clabaut","status":"publish","type":"post","link":"https:\/\/cftc-syntec.fr\/testimport\/deces-de-daniel-clabaut\/","title":{"rendered":"D\u00e9c\u00e8s de Daniel CLABAUT"},"content":{"rendered":"<p>La F\u00e9d\u00e9ration CFTC Media+, a la profonde tristesse de vous faire part du d\u00e9c\u00e8s de Daniel CLABAUT survenu le mercredi 7 septembre 2022.<\/p>\n<p>Militant infatigable au service de la F\u00e9d\u00e9ration des Postes et des T\u00e9l\u00e9communications, Daniel a occup\u00e9 de multiples fonctions au sein du Bureau F\u00e9d\u00e9ral dont il a \u00e9t\u00e9 Pr\u00e9sident.<\/p>\n<p>La F\u00e9d\u00e9ration pr\u00e9sente ses sinc\u00e8res condol\u00e9ances \u00e0 sa famille et ses proches et s\u2019associe \u00e0 leur peine.<\/p>\n<p>Les obs\u00e8ques seront c\u00e9l\u00e9br\u00e9es le lundi 12 septembre 2022 \u00e0 10h30 en l\u2019\u00e9glise Saint-Martin de Rinxent (62730).<br \/>Vous pouvez d\u00e9poser vos condol\u00e9ances sur le site internet des pompes fun\u00e8bres Toupet : www.pf-toupet-sotty.com <\/p>\n<p>L\u2019article <a href=\"https:\/\/www.cftcmediaplus.fr\/federation\/deces-de-daniel-clabaut\/\">D\u00e9c\u00e8s de Daniel CLABAUT<\/a> est apparu en premier sur <a href=\"https:\/\/www.cftcmediaplus.fr\/\">CFTC Media Plus<\/a>.<\/p>\n","protected":false},"excerpt":{"rendered":"<p>La F\u00e9d\u00e9ration CFTC Media+, a la profonde tristesse de vous faire part du d\u00e9c\u00e8s de Daniel CLABAUT survenu le mercredi 7 septembre 2022. Militant infatigable au service de la F\u00e9d\u00e9ration des Postes et des T\u00e9l\u00e9communications, Daniel a occup\u00e9 de multiples fonctions au sein du Bureau F\u00e9d\u00e9ral dont il a \u00e9t\u00e9 Pr\u00e9sident. La F\u00e9d\u00e9ration pr\u00e9sente ses [&hellip;]<\/p>\n","protected":false},"author":0,"featured_media":0,"comment_status":"open","ping_status":"open","sticky":false,"template":"","format":"standard","meta":[],"categories":[1],"tags":[],"_links":{"self":[{"href":"https:\/\/cftc-syntec.fr\/testimport\/wp-json\/wp\/v2\/posts\/4516"}],"collection":[{"href":"https:\/\/cftc-syntec.fr\/testimport\/wp-json\/wp\/v2\/posts"}],"about":[{"href":"https:\/\/cftc-syntec.fr\/testimport\/wp-json\/wp\/v2\/types\/post"}],"replies":[{"embeddable":true,"href":"https:\/\/cftc-syntec.fr\/testimport\/wp-json\/wp\/v2\/comments?post=4516"}],"version-history":[{"count":0,"href":"https:\/\/cftc-syntec.fr\/testimport\/wp-json\/wp\/v2\/posts\/4516\/revisions"}],"wp:attachment":[{"href":"https:\/\/cftc-syntec.fr\/testimport\/wp-json\/wp\/v2\/media?parent=4516"}],"wp:term":[{"taxonomy":"category","embeddable":true,"href":"https:\/\/cftc-syntec.fr\/testimport\/wp-json\/wp\/v2\/categories?post=4516"},{"taxonomy":"post_tag","embeddable":true,"href":"https:\/\/cftc-syntec.fr\/testimport\/wp-json\/wp\/v2\/tags?post=4516"}],"curies":[{"name":"wp","href":"https:\/\/api.w.org\/{rel}","templated":true}]}}