{"id":4517,"date":"2022-09-12T17:11:25","date_gmt":"2022-09-12T15:11:25","guid":{"rendered":"https:\/\/cftc-syntec.fr\/testimport\/reevaluation-des-minima-sociaux\/"},"modified":"2022-09-12T17:11:25","modified_gmt":"2022-09-12T15:11:25","slug":"reevaluation-des-minima-sociaux","status":"publish","type":"post","link":"https:\/\/cftc-syntec.fr\/testimport\/reevaluation-des-minima-sociaux\/","title":{"rendered":"R\u00e9\u00e9valuation des minima sociaux"},"content":{"rendered":"<h1><\/h1>\n<p>Pour faire face \u00e0 l\u2019inflation, diff\u00e9rentes allocations, et minima sociaux ont \u00e9t\u00e9 r\u00e9\u00e9valu\u00e9s dans la loi pour le pouvoir d\u2019achat vot\u00e9e en juillet 2022.<\/p>\n<p>L\u2019allocation aux adultes handicap\u00e9s (AAH) est aujourd\u2019hui de 956\u20ac, pour les personnes sans aucune ressource, avec un taux d\u2019incapacit\u00e9 compris entre 50 % et 79 % ou plus.Le revenu de solidarit\u00e9 active (RSA)\u00a0: une personne seule, sans allocation logement, peut percevoir <strong>598,54\u00a0euros.<\/strong>\u00a0Et avec un enfant \u00e0 charge, il atteint 897,81\u00a0euros.L\u2019Allocation de Solidarit\u00e9 Sp\u00e9cifique (ASS) pour les ch\u00f4meurs en fin de droit\u00a0: Les ch\u00f4meurs ayant \u00e9puis\u00e9 leurs droits au ch\u00f4mage peuvent percevoir l\u2019ASS, d\u2019un montant de 17,90 euros par jour, soit 554,90 euros pour un mois de 31 jours (sous conditions de ressources)L\u2019allocation de rentr\u00e9e scolaire ARS\u00a0: son montant (sous condition de ressources) pour la rentr\u00e9e 2022 est de\u00a0:<strong>392,05 \u20ac\u00a0<\/strong>par enfant \u00e2g\u00e9 de 6 \u00e0 10 ans<strong>413,69 \u20ac\u00a0<\/strong>par enfant \u00e2g\u00e9 de 11 \u00e0 14 ans<strong>428,02\u00a0\u20ac\u00a0<\/strong>par enfant \u00e2g\u00e9 de 15 \u00e0 18 ansL\u2019Aide personnalis\u00e9e au logement (APL) a \u00e9t\u00e9 augment\u00e9e de 3,5%. Pour d\u00e9terminer votre \u00e9ligibilit\u00e9 et le montant possible, vous pouvez utiliser le simulateur de la CAFAu 1er\u202fao\u00fbt\u00a02022, le Smic horaire brut passe \u00e0\u202f11,07\u00a0\u20ac\u00a0soit un montant mensuel brut \u00e0\u202f1\u202f678,95\u202f\u20ac\u202fsur la base de 35\u202fheures hebdomadaires de travail.Le minimum garanti s\u2019\u00e9tablit \u00e0\u202f3,94\u202f\u20ac. Cette valeur de r\u00e9f\u00e9rence sert notamment pour\u00a0l\u2019\u00e9valuation des avantages en nature (comme le logement), des frais professionnels (d\u00e9placements professionnels, repas), des allocations sociales.<\/p>\n<p>L\u2019article <a href=\"https:\/\/www.cftcmediaplus.fr\/federation\/reevaluation-des-minima-sociaux\/\">R\u00e9\u00e9valuation des minima sociaux<\/a> est apparu en premier sur <a href=\"https:\/\/www.cftcmediaplus.fr\/\">CFTC Media Plus<\/a>.<\/p>\n","protected":false},"excerpt":{"rendered":"<p>Pour faire face \u00e0 l\u2019inflation, diff\u00e9rentes allocations, et minima sociaux ont \u00e9t\u00e9 r\u00e9\u00e9valu\u00e9s dans la loi pour le pouvoir d\u2019achat vot\u00e9e en juillet 2022. L\u2019allocation aux adultes handicap\u00e9s (AAH) est aujourd\u2019hui de 956\u20ac, pour les personnes sans aucune ressource, avec un taux d\u2019incapacit\u00e9 compris entre 50 % et 79 % ou plus.Le revenu de solidarit\u00e9 [&hellip;]<\/p>\n","protected":false},"author":0,"featured_media":0,"comment_status":"open","ping_status":"open","sticky":false,"template":"","format":"standard","meta":[],"categories":[1],"tags":[],"_links":{"self":[{"href":"https:\/\/cftc-syntec.fr\/testimport\/wp-json\/wp\/v2\/posts\/4517"}],"collection":[{"href":"https:\/\/cftc-syntec.fr\/testimport\/wp-json\/wp\/v2\/posts"}],"about":[{"href":"https:\/\/cftc-syntec.fr\/testimport\/wp-json\/wp\/v2\/types\/post"}],"replies":[{"embeddable":true,"href":"https:\/\/cftc-syntec.fr\/testimport\/wp-json\/wp\/v2\/comments?post=4517"}],"version-history":[{"count":0,"href":"https:\/\/cftc-syntec.fr\/testimport\/wp-json\/wp\/v2\/posts\/4517\/revisions"}],"wp:attachment":[{"href":"https:\/\/cftc-syntec.fr\/testimport\/wp-json\/wp\/v2\/media?parent=4517"}],"wp:term":[{"taxonomy":"category","embeddable":true,"href":"https:\/\/cftc-syntec.fr\/testimport\/wp-json\/wp\/v2\/categories?post=4517"},{"taxonomy":"post_tag","embeddable":true,"href":"https:\/\/cftc-syntec.fr\/testimport\/wp-json\/wp\/v2\/tags?post=4517"}],"curies":[{"name":"wp","href":"https:\/\/api.w.org\/{rel}","templated":true}]}}