{"id":4519,"date":"2022-09-16T11:01:32","date_gmt":"2022-09-16T09:01:32","guid":{"rendered":"https:\/\/cftc-syntec.fr\/testimport\/magazine-du-comhiso-episode-3\/"},"modified":"2022-09-16T11:01:32","modified_gmt":"2022-09-16T09:01:32","slug":"magazine-du-comhiso-episode-3","status":"publish","type":"post","link":"https:\/\/cftc-syntec.fr\/testimport\/magazine-du-comhiso-episode-3\/","title":{"rendered":"Magazine du Comhiso : Episode 3"},"content":{"rendered":"<p>Retrouvez dans votre troisi\u00e8me \u00e9pisode, le plateau-d\u00e9bat avec Gabriel CHapelle, Roger-Marie Mebrouk et Thierry Patenne.<\/p>\n<p>On y aborde le contexte syndical au sortir de la 2\u00e8me  Guerre Mondiale et la scission de 1964.<\/p>\n<p>Bon visionnage : <a href=\"https:\/\/www.youtube.com\/watch?v=PGmUg3YWWBQ\">https:\/\/www.youtube.com\/watch?v=PGmUg3YWWBQ <\/a><\/p>\n<p>L\u2019article <a href=\"https:\/\/www.cftcmediaplus.fr\/federation\/magazine-du-comhiso-episode-3\/\">Magazine du Comhiso : Episode 3<\/a> est apparu en premier sur <a href=\"https:\/\/www.cftcmediaplus.fr\/\">CFTC Media Plus<\/a>.<\/p>\n","protected":false},"excerpt":{"rendered":"<p>Retrouvez dans votre troisi\u00e8me \u00e9pisode, le plateau-d\u00e9bat avec Gabriel CHapelle, Roger-Marie Mebrouk et Thierry Patenne. On y aborde le contexte syndical au sortir de la 2\u00e8me Guerre Mondiale et la scission de 1964. Bon visionnage : https:\/\/www.youtube.com\/watch?v=PGmUg3YWWBQ L\u2019article Magazine du Comhiso : Episode 3 est apparu en premier sur CFTC Media Plus.<\/p>\n","protected":false},"author":0,"featured_media":0,"comment_status":"open","ping_status":"open","sticky":false,"template":"","format":"standard","meta":[],"categories":[1],"tags":[],"_links":{"self":[{"href":"https:\/\/cftc-syntec.fr\/testimport\/wp-json\/wp\/v2\/posts\/4519"}],"collection":[{"href":"https:\/\/cftc-syntec.fr\/testimport\/wp-json\/wp\/v2\/posts"}],"about":[{"href":"https:\/\/cftc-syntec.fr\/testimport\/wp-json\/wp\/v2\/types\/post"}],"replies":[{"embeddable":true,"href":"https:\/\/cftc-syntec.fr\/testimport\/wp-json\/wp\/v2\/comments?post=4519"}],"version-history":[{"count":0,"href":"https:\/\/cftc-syntec.fr\/testimport\/wp-json\/wp\/v2\/posts\/4519\/revisions"}],"wp:attachment":[{"href":"https:\/\/cftc-syntec.fr\/testimport\/wp-json\/wp\/v2\/media?parent=4519"}],"wp:term":[{"taxonomy":"category","embeddable":true,"href":"https:\/\/cftc-syntec.fr\/testimport\/wp-json\/wp\/v2\/categories?post=4519"},{"taxonomy":"post_tag","embeddable":true,"href":"https:\/\/cftc-syntec.fr\/testimport\/wp-json\/wp\/v2\/tags?post=4519"}],"curies":[{"name":"wp","href":"https:\/\/api.w.org\/{rel}","templated":true}]}}