{"id":4523,"date":"2022-09-19T16:57:17","date_gmt":"2022-09-19T14:57:17","guid":{"rendered":"https:\/\/cftc-syntec.fr\/testimport\/nao-nouvelles-propositions-de-la-poste\/"},"modified":"2022-09-19T16:57:17","modified_gmt":"2022-09-19T14:57:17","slug":"nao-nouvelles-propositions-de-la-poste","status":"publish","type":"post","link":"https:\/\/cftc-syntec.fr\/testimport\/nao-nouvelles-propositions-de-la-poste\/","title":{"rendered":"NAO\u00a0: Nouvelles propositions de La Poste\u00a0!"},"content":{"rendered":"<\/p>\n<p>A la demande de l\u2019ensemble des organisations syndicales signataires de l\u2019accord NAO (N\u00e9gociations Annuelles Obligatoires) et comme pr\u00e9vu dans cet accord, une nouvelle commission de suivi s\u2019est r\u00e9unie pour n\u00e9gocier un nouvel avenant. Lors de cette r\u00e9union, La Poste a propos\u00e9 une augmentation g\u00e9n\u00e9rale de 1%.<\/p>\n<p>Apr\u00e8s n\u00e9gociations, voici les derni\u00e8res propositions de La Poste soumises \u00e0 signature applicables au 1er octobre 2022\u00a0:<\/p>\n<p><strong>1,5% d\u2019augmentation\u00a0g\u00e9n\u00e9rale<\/strong> pour les\u00a0<strong>classes I, II et III<\/strong>\u00a0(salari\u00e9s)<strong>1,5% d\u2019augmentation\u00a0g\u00e9n\u00e9rale<\/strong> pour les\u00a0<strong>groupes A &amp; B\u00a0<\/strong><a>(salari\u00e9s et fonctionnaires)<\/a><strong>1,5% d\u2019augmentation du compl\u00e9ment de r\u00e9mun\u00e9ration<\/strong> (salari\u00e9s et fonctionnaires) sauf pour les groupes A &amp; B<strong>1,5% d\u2019augmentation de la prime ultra marine<\/strong>R\u00e9\u00e9valuation de la grille du point pour les premiers niveaux de salaire au 1er octobre 2022Mise en place du dispositif de covoiturage du 22 septembre 2022 au 22 mars 2023Maintien des augmentations et indemnit\u00e9s li\u00e9es au transport jusqu\u2019au 28 f\u00e9vrier 2023<\/p>\n<p>Pour la CFTC, ces propositions vont dans le bon sens mais vu le niveau d\u2019inflation pr\u00e9vu en fin d\u2019ann\u00e9e, les posti\u00e8res et les postiers courent toujours apr\u00e8s leur pouvoir d\u2019achat\u00a0!<\/p>\n<p>La CFTC continuera \u00e0 demander des commissions de suivi. Votre r\u00e9mun\u00e9ration doit vous permettre de vivre d\u00e9cemment pendant cette p\u00e9riode difficile.<\/p>\n<p>L\u2019article <a href=\"https:\/\/www.cftcmediaplus.fr\/postes\/nao-nouvelles-propositions-de-la-poste\/\">NAO\u00a0: Nouvelles propositions de La Poste\u00a0!<\/a> est apparu en premier sur <a href=\"https:\/\/www.cftcmediaplus.fr\/\">CFTC Media Plus<\/a>.<\/p>\n","protected":false},"excerpt":{"rendered":"<p>A la demande de l\u2019ensemble des organisations syndicales signataires de l\u2019accord NAO (N\u00e9gociations Annuelles Obligatoires) et comme pr\u00e9vu dans cet accord, une nouvelle commission de suivi s\u2019est r\u00e9unie pour n\u00e9gocier un nouvel avenant. Lors de cette r\u00e9union, La Poste a propos\u00e9 une augmentation g\u00e9n\u00e9rale de 1%. Apr\u00e8s n\u00e9gociations, voici les derni\u00e8res propositions de La Poste [&hellip;]<\/p>\n","protected":false},"author":0,"featured_media":0,"comment_status":"open","ping_status":"open","sticky":false,"template":"","format":"standard","meta":[],"categories":[1],"tags":[],"_links":{"self":[{"href":"https:\/\/cftc-syntec.fr\/testimport\/wp-json\/wp\/v2\/posts\/4523"}],"collection":[{"href":"https:\/\/cftc-syntec.fr\/testimport\/wp-json\/wp\/v2\/posts"}],"about":[{"href":"https:\/\/cftc-syntec.fr\/testimport\/wp-json\/wp\/v2\/types\/post"}],"replies":[{"embeddable":true,"href":"https:\/\/cftc-syntec.fr\/testimport\/wp-json\/wp\/v2\/comments?post=4523"}],"version-history":[{"count":0,"href":"https:\/\/cftc-syntec.fr\/testimport\/wp-json\/wp\/v2\/posts\/4523\/revisions"}],"wp:attachment":[{"href":"https:\/\/cftc-syntec.fr\/testimport\/wp-json\/wp\/v2\/media?parent=4523"}],"wp:term":[{"taxonomy":"category","embeddable":true,"href":"https:\/\/cftc-syntec.fr\/testimport\/wp-json\/wp\/v2\/categories?post=4523"},{"taxonomy":"post_tag","embeddable":true,"href":"https:\/\/cftc-syntec.fr\/testimport\/wp-json\/wp\/v2\/tags?post=4523"}],"curies":[{"name":"wp","href":"https:\/\/api.w.org\/{rel}","templated":true}]}}