{"id":4525,"date":"2022-09-23T14:10:00","date_gmt":"2022-09-23T12:10:00","guid":{"rendered":"https:\/\/cftc-syntec.fr\/testimport\/la-penibilite-doit-determiner-le-moment-ou-lon-part-a-la-retraite-et-non-le-statut\/"},"modified":"2022-09-23T14:10:00","modified_gmt":"2022-09-23T12:10:00","slug":"la-penibilite-doit-determiner-le-moment-ou-lon-part-a-la-retraite-et-non-le-statut","status":"publish","type":"post","link":"https:\/\/cftc-syntec.fr\/testimport\/la-penibilite-doit-determiner-le-moment-ou-lon-part-a-la-retraite-et-non-le-statut\/","title":{"rendered":"\u00ab La p\u00e9nibilit\u00e9 doit d\u00e9terminer le moment o\u00f9 l\u2019on part \u00e0 la retraite et non le statut \u00bb"},"content":{"rendered":"<p>Cet article <a href=\"https:\/\/www.cftc.fr\/espace-presse\/cftc-dans-les-medias\/la-penibilite-qui-doit-determiner-le-moment-ou-lon-part-a-la-retraite\">\u00ab La p\u00e9nibilit\u00e9 doit d\u00e9terminer le moment o\u00f9 l\u2019on part \u00e0 la retraite et non le statut \u00bb<\/a> est apparu en premier sur <a href=\"https:\/\/www.cftc.fr\/\">CFTC<\/a>.<\/p>\n","protected":false},"excerpt":{"rendered":"<p>Cet article \u00ab La p\u00e9nibilit\u00e9 doit d\u00e9terminer le moment o\u00f9 l\u2019on part \u00e0 la retraite et non le statut \u00bb est apparu en premier sur CFTC.<\/p>\n","protected":false},"author":0,"featured_media":0,"comment_status":"open","ping_status":"open","sticky":false,"template":"","format":"standard","meta":[],"categories":[1],"tags":[],"_links":{"self":[{"href":"https:\/\/cftc-syntec.fr\/testimport\/wp-json\/wp\/v2\/posts\/4525"}],"collection":[{"href":"https:\/\/cftc-syntec.fr\/testimport\/wp-json\/wp\/v2\/posts"}],"about":[{"href":"https:\/\/cftc-syntec.fr\/testimport\/wp-json\/wp\/v2\/types\/post"}],"replies":[{"embeddable":true,"href":"https:\/\/cftc-syntec.fr\/testimport\/wp-json\/wp\/v2\/comments?post=4525"}],"version-history":[{"count":0,"href":"https:\/\/cftc-syntec.fr\/testimport\/wp-json\/wp\/v2\/posts\/4525\/revisions"}],"wp:attachment":[{"href":"https:\/\/cftc-syntec.fr\/testimport\/wp-json\/wp\/v2\/media?parent=4525"}],"wp:term":[{"taxonomy":"category","embeddable":true,"href":"https:\/\/cftc-syntec.fr\/testimport\/wp-json\/wp\/v2\/categories?post=4525"},{"taxonomy":"post_tag","embeddable":true,"href":"https:\/\/cftc-syntec.fr\/testimport\/wp-json\/wp\/v2\/tags?post=4525"}],"curies":[{"name":"wp","href":"https:\/\/api.w.org\/{rel}","templated":true}]}}