{"id":4530,"date":"2022-09-29T09:15:36","date_gmt":"2022-09-29T07:15:36","guid":{"rendered":"https:\/\/cftc-syntec.fr\/testimport\/yndicat-cftc-postes-telecommunications-aura-auvergne-rhone-alpes\/"},"modified":"2022-09-29T09:15:36","modified_gmt":"2022-09-29T07:15:36","slug":"yndicat-cftc-postes-telecommunications-aura-auvergne-rhone-alpes","status":"publish","type":"post","link":"https:\/\/cftc-syntec.fr\/testimport\/yndicat-cftc-postes-telecommunications-aura-auvergne-rhone-alpes\/","title":{"rendered":"yndicat CFTC Postes T\u00e9l\u00e9communications AURA, Auvergne Rh\u00f4ne Alpes"},"content":{"rendered":"<p>L\u2019AG du syndicat CFTC Postes T\u00e9l\u00e9communications AURA, Auvergne Rh\u00f4ne Alpes a eu lieu le 28 septembre; <\/p>\n<\/p>\n<p>Pr\u00e9sidente r\u00e9\u00e9lue, Josette Coquillet, nouveau secr\u00e9taire r\u00e9gional, Didier Rinker, nouvelle tr\u00e9sori\u00e8re, Odile Toniutti , Vice pr\u00e9sident, Arnaud Allemand, secr\u00e9taire adjoint, Willy Toniutti et tr\u00e9sori\u00e8re adjointe, Dani\u00e8le Di Gioia<\/p>\n<\/p>\n<p><strong>F\u00e9licitations<\/strong> \u00e0 la nouvelle \u00e9quipe !<\/p>\n<p>L\u2019article <a href=\"https:\/\/www.cftcmediaplus.fr\/syndicats\/yndicat-cftc-postes-telecommunications-aura-auvergne-rhone-alpes\/\">yndicat CFTC Postes T\u00e9l\u00e9communications AURA, Auvergne Rh\u00f4ne Alpes<\/a> est apparu en premier sur <a href=\"https:\/\/www.cftcmediaplus.fr\/\">CFTC Media Plus<\/a>.<\/p>\n","protected":false},"excerpt":{"rendered":"<p>L\u2019AG du syndicat CFTC Postes T\u00e9l\u00e9communications AURA, Auvergne Rh\u00f4ne Alpes a eu lieu le 28 septembre; Pr\u00e9sidente r\u00e9\u00e9lue, Josette Coquillet, nouveau secr\u00e9taire r\u00e9gional, Didier Rinker, nouvelle tr\u00e9sori\u00e8re, Odile Toniutti , Vice pr\u00e9sident, Arnaud Allemand, secr\u00e9taire adjoint, Willy Toniutti et tr\u00e9sori\u00e8re adjointe, Dani\u00e8le Di Gioia F\u00e9licitations \u00e0 la nouvelle \u00e9quipe ! L\u2019article yndicat CFTC Postes T\u00e9l\u00e9communications [&hellip;]<\/p>\n","protected":false},"author":0,"featured_media":0,"comment_status":"open","ping_status":"open","sticky":false,"template":"","format":"standard","meta":[],"categories":[1],"tags":[],"_links":{"self":[{"href":"https:\/\/cftc-syntec.fr\/testimport\/wp-json\/wp\/v2\/posts\/4530"}],"collection":[{"href":"https:\/\/cftc-syntec.fr\/testimport\/wp-json\/wp\/v2\/posts"}],"about":[{"href":"https:\/\/cftc-syntec.fr\/testimport\/wp-json\/wp\/v2\/types\/post"}],"replies":[{"embeddable":true,"href":"https:\/\/cftc-syntec.fr\/testimport\/wp-json\/wp\/v2\/comments?post=4530"}],"version-history":[{"count":0,"href":"https:\/\/cftc-syntec.fr\/testimport\/wp-json\/wp\/v2\/posts\/4530\/revisions"}],"wp:attachment":[{"href":"https:\/\/cftc-syntec.fr\/testimport\/wp-json\/wp\/v2\/media?parent=4530"}],"wp:term":[{"taxonomy":"category","embeddable":true,"href":"https:\/\/cftc-syntec.fr\/testimport\/wp-json\/wp\/v2\/categories?post=4530"},{"taxonomy":"post_tag","embeddable":true,"href":"https:\/\/cftc-syntec.fr\/testimport\/wp-json\/wp\/v2\/tags?post=4530"}],"curies":[{"name":"wp","href":"https:\/\/api.w.org\/{rel}","templated":true}]}}