{"id":4532,"date":"2022-09-29T13:12:48","date_gmt":"2022-09-29T11:12:48","guid":{"rendered":"https:\/\/cftc-syntec.fr\/testimport\/deces-de-jean-louis-liot\/"},"modified":"2022-09-29T13:12:48","modified_gmt":"2022-09-29T11:12:48","slug":"deces-de-jean-louis-liot","status":"publish","type":"post","link":"https:\/\/cftc-syntec.fr\/testimport\/deces-de-jean-louis-liot\/","title":{"rendered":"D\u00e9c\u00e8s de Jean-Louis Liot"},"content":{"rendered":"<p>Nous <em>avons appris lundi\u00a0le d\u00e9c\u00e8s brutal de Jean-Louis LIOT \u00e0 l\u2019\u00e2ge de 62 ans.\u00a0<\/p>\n<p>Jean-Louis \u00e9tait retrait\u00e9 depuis peu apr\u00e8s un long engagement syndical postal et interprofessionnel dans la Manche.<\/p>\n<p>Il a dirig\u00e9 de longues ann\u00e9es et jusqu\u2019 \u00e0 sa retraite le syndicat CFTC des Postes et des T\u00e9l\u00e9communications de la Manche.<\/p>\n<p>il a \u00e9galement si\u00e9g\u00e9 au Secteur des Postes de la F\u00e9d\u00e9ration puis \u00e0 la Section Nationale La Poste lors de\u00a0sa cr\u00e9ation.<\/p>\n<p>Jean-Louis \u00e9tait en personnage embl\u00e9matique dans la Manche et nous garderons tous en m\u00e9moire l\u2019homme franc et loyal qu\u2019il \u00e9tait.<\/p>\n<p>Nous avons aujourd\u2019hui une pens\u00e9e tr\u00e8s \u00e9mue pour sa femme, ses deux enfants, sa\u00a0famille et toutes celles et ceux qui ont travaill\u00e9 \u00e0 ses c\u00f4t\u00e9s\u00a0et qui l\u2019ont appr\u00e9ci\u00e9 toutes ces ann\u00e9es.<\/p>\n<p>Qu\u2019il repose\u00a0en paix.<\/em><\/p>\n<p>L\u2019article <a href=\"https:\/\/www.cftcmediaplus.fr\/federation\/12870\/\">D\u00e9c\u00e8s de Jean-Louis Liot<\/a> est apparu en premier sur <a href=\"https:\/\/www.cftcmediaplus.fr\/\">CFTC Media Plus<\/a>.<\/p>\n","protected":false},"excerpt":{"rendered":"<p>Nous avons appris lundi\u00a0le d\u00e9c\u00e8s brutal de Jean-Louis LIOT \u00e0 l\u2019\u00e2ge de 62 ans.\u00a0 Jean-Louis \u00e9tait retrait\u00e9 depuis peu apr\u00e8s un long engagement syndical postal et interprofessionnel dans la Manche. Il a dirig\u00e9 de longues ann\u00e9es et jusqu\u2019 \u00e0 sa retraite le syndicat CFTC des Postes et des T\u00e9l\u00e9communications de la Manche. il a \u00e9galement [&hellip;]<\/p>\n","protected":false},"author":0,"featured_media":0,"comment_status":"open","ping_status":"open","sticky":false,"template":"","format":"standard","meta":[],"categories":[1],"tags":[],"_links":{"self":[{"href":"https:\/\/cftc-syntec.fr\/testimport\/wp-json\/wp\/v2\/posts\/4532"}],"collection":[{"href":"https:\/\/cftc-syntec.fr\/testimport\/wp-json\/wp\/v2\/posts"}],"about":[{"href":"https:\/\/cftc-syntec.fr\/testimport\/wp-json\/wp\/v2\/types\/post"}],"replies":[{"embeddable":true,"href":"https:\/\/cftc-syntec.fr\/testimport\/wp-json\/wp\/v2\/comments?post=4532"}],"version-history":[{"count":0,"href":"https:\/\/cftc-syntec.fr\/testimport\/wp-json\/wp\/v2\/posts\/4532\/revisions"}],"wp:attachment":[{"href":"https:\/\/cftc-syntec.fr\/testimport\/wp-json\/wp\/v2\/media?parent=4532"}],"wp:term":[{"taxonomy":"category","embeddable":true,"href":"https:\/\/cftc-syntec.fr\/testimport\/wp-json\/wp\/v2\/categories?post=4532"},{"taxonomy":"post_tag","embeddable":true,"href":"https:\/\/cftc-syntec.fr\/testimport\/wp-json\/wp\/v2\/tags?post=4532"}],"curies":[{"name":"wp","href":"https:\/\/api.w.org\/{rel}","templated":true}]}}