{"id":4534,"date":"2022-10-03T18:17:57","date_gmt":"2022-10-03T16:17:57","guid":{"rendered":"https:\/\/cftc-syntec.fr\/testimport\/manifeste-pour-le-futur-de-la-filiere-papetiere-graphique-en-france\/"},"modified":"2022-10-03T18:17:57","modified_gmt":"2022-10-03T16:17:57","slug":"manifeste-pour-le-futur-de-la-filiere-papetiere-graphique-en-france","status":"publish","type":"post","link":"https:\/\/cftc-syntec.fr\/testimport\/manifeste-pour-le-futur-de-la-filiere-papetiere-graphique-en-france\/","title":{"rendered":"Manifeste pour le Futur de la Fili\u00e8re Papeti\u00e8re Graphique en France"},"content":{"rendered":"<p>L\u2019imprim\u00e9 papier, l\u2019un des principaux supports de la diffusion du savoir, de l\u2019information et de la culture, outil indispensable au fonctionnement de la d\u00e9mocratie, fait face \u00e0 des risques sans pr\u00e9c\u00e9dent mena\u00e7ant sa p\u00e9rennit\u00e9 en France (les usages en d\u00e9croissance, avec l\u2019\u00e9mergence de supports num\u00e9riques entre autres),<\/p>\n<p> Or, convaincu que l\u2019imprim\u00e9 est un m\u00e9dia d\u2019avenir, le Collectif \u00ab Pour le Futur de l\u2019industrie papeti\u00e8re et graphique en France \u00bb, dont la CFTC fait partie, souhaite promouvoir une d\u00e9claration :<\/p>\n<p>Positive pour une ressource naturelle renouvelable et recyclable, qui est au c\u0153ur d\u2019enjeux sociaux et d\u00e9mocratiques majeurs,Mobilisatrice en appelant \u00e0 l\u2019accompagnement de la fili\u00e8re fran\u00e7aise qui fait face \u00e0 un contexte difficile et afin de relancer sa comp\u00e9titivit\u00e9,Avec des propositions d\u2019actions pour \u00ab refaire de la France un leader europ\u00e9en de la fili\u00e8re papeti\u00e8re &amp; graphique et relocaliser l\u2019emploi \u00bb.<\/p>\n<p>Dans ce manifeste, le collectif fait 4 propositions : <\/p>\n<p>Engager une valorisation soci\u00e9tale<br \/>de la fili\u00e8re papeti\u00e8reAccro\u00eetre la valeur ajout\u00e9e de l\u2019\u00e9conomie circulairePositionner l\u2019imprim\u00e9 au service de l\u2019int\u00e9r\u00eat g\u00e9n\u00e9ral avec une communication collectiveImprim\u00e9 et num\u00e9rique doivent coexister dans une meilleure efficacit\u00e9 \u00e0 la fois environnementale, d\u00e9mocratique et sociale.<\/p>\n<p><a href=\"https:\/\/www.cftcmediaplus.fr\/wp-content\/uploads\/2022\/10\/manifeste-CP-BAT-final.pdf\" target=\"_blank\" rel=\"noopener\">T\u00e9l\u00e9charger le manifeste complet ici<\/a><\/p>\n<p>L\u2019article <a href=\"https:\/\/www.cftcmediaplus.fr\/papier-carton\/manifeste-pour-le-futur-de-la-filiere-papetiere-graphique-en-france\/\">Manifeste pour le Futur de la Fili\u00e8re Papeti\u00e8re Graphique en France<\/a> est apparu en premier sur <a href=\"https:\/\/www.cftcmediaplus.fr\/\">CFTC Media Plus<\/a>.<\/p>\n","protected":false},"excerpt":{"rendered":"<p>L\u2019imprim\u00e9 papier, l\u2019un des principaux supports de la diffusion du savoir, de l\u2019information et de la culture, outil indispensable au fonctionnement de la d\u00e9mocratie, fait face \u00e0 des risques sans pr\u00e9c\u00e9dent mena\u00e7ant sa p\u00e9rennit\u00e9 en France (les usages en d\u00e9croissance, avec l\u2019\u00e9mergence de supports num\u00e9riques entre autres), Or, convaincu que l\u2019imprim\u00e9 est un m\u00e9dia d\u2019avenir, [&hellip;]<\/p>\n","protected":false},"author":0,"featured_media":0,"comment_status":"open","ping_status":"open","sticky":false,"template":"","format":"standard","meta":[],"categories":[1],"tags":[],"_links":{"self":[{"href":"https:\/\/cftc-syntec.fr\/testimport\/wp-json\/wp\/v2\/posts\/4534"}],"collection":[{"href":"https:\/\/cftc-syntec.fr\/testimport\/wp-json\/wp\/v2\/posts"}],"about":[{"href":"https:\/\/cftc-syntec.fr\/testimport\/wp-json\/wp\/v2\/types\/post"}],"replies":[{"embeddable":true,"href":"https:\/\/cftc-syntec.fr\/testimport\/wp-json\/wp\/v2\/comments?post=4534"}],"version-history":[{"count":0,"href":"https:\/\/cftc-syntec.fr\/testimport\/wp-json\/wp\/v2\/posts\/4534\/revisions"}],"wp:attachment":[{"href":"https:\/\/cftc-syntec.fr\/testimport\/wp-json\/wp\/v2\/media?parent=4534"}],"wp:term":[{"taxonomy":"category","embeddable":true,"href":"https:\/\/cftc-syntec.fr\/testimport\/wp-json\/wp\/v2\/categories?post=4534"},{"taxonomy":"post_tag","embeddable":true,"href":"https:\/\/cftc-syntec.fr\/testimport\/wp-json\/wp\/v2\/tags?post=4534"}],"curies":[{"name":"wp","href":"https:\/\/api.w.org\/{rel}","templated":true}]}}