{"id":4536,"date":"2022-10-05T12:26:53","date_gmt":"2022-10-05T10:26:53","guid":{"rendered":"https:\/\/cftc-syntec.fr\/testimport\/orange-le-harcelement-moral-institutionnalise-est-reconnu\/"},"modified":"2022-10-05T12:26:53","modified_gmt":"2022-10-05T10:26:53","slug":"orange-le-harcelement-moral-institutionnalise-est-reconnu","status":"publish","type":"post","link":"https:\/\/cftc-syntec.fr\/testimport\/orange-le-harcelement-moral-institutionnalise-est-reconnu\/","title":{"rendered":"Orange : Le harc\u00e8lement moral institutionnalis\u00e9 est reconnu"},"content":{"rendered":"<p>Le vendredi 30 septembre 2022, la Cour d\u2019Appel de Paris a rendu sa d\u00e9cision dans le dossier France T\u00e9l\u00e9com. La CFTC, partie civile dans ce proc\u00e8s, \u00e9tait bien s\u00fbr pr\u00e9sente notamment en la personne de Jean-Pierre Dumont qui a suivi ce proc\u00e8s depuis le d\u00e9but.<\/p>\n<p>La d\u00e9cision de justice rendue nous laisse un sentiment mitig\u00e9.<\/p>\n<p>D\u2019un c\u00f4t\u00e9, le harc\u00e8lement moral institutionnalis\u00e9 est bien reconnu et l\u2019on peut s\u2019en f\u00e9liciter, de l\u2019autre, cette d\u00e9cision nous laisse beaucoup d\u2019amertume avec les condamnations des principaux responsables qui sont all\u00e9g\u00e9es :<br \/>La Cour a confirm\u00e9 la culpabilit\u00e9 de Messieurs Didier Lombard, ancien PDG, et Louis-Pierre Wen\u00e8s, ancien Directeur des Op\u00e9rations France, en att\u00e9nuant leur peine : 1 an d\u2019emprisonnement avec sursis + 15.000\u20ac d\u2019amende (les 4 mois fermes se sont transform\u00e9s en sursis).<\/p>\n<p>La Cour a \u00e9galement confirm\u00e9 la culpabilit\u00e9 de Brigitte Dumont, qui occupait les fonctions de Directrice du management des comp\u00e9tences et de l\u2019emploi, puis Directrice du d\u00e9veloppement des performances des RH, en la condamnant \u00e0 6 mois d\u2019emprisonnement avec sursis (4 mois avec sursis au jugement initial).<\/p>\n<p>De m\u00eame, pour Nathalie Boulanger, qui \u00e9tait Directrice des actions territoriales des Op\u00e9rations France, et qui est condamn\u00e9e \u00e0 4 mois d\u2019emprisonnement avec sursis (1er jugement 4 mois avec sursis).<\/p>\n<p>Pour ces 2 personnes, la Cour a infirm\u00e9 la d\u00e9cision concernant l\u2019amende de 5.000\u20ac mise lors du 1er jugement.<\/p>\n<p>Les 2 autres pr\u00e9venus Guy-Patrick Cherouvrier, ancien directeur RH France, et Jacques Moulin, ancien Directeur de la Direction Territoriale Est, ont \u00e9t\u00e9 relax\u00e9s (1er jugement 4 mois avec sursis et 5.000\u20ac d\u2019amende).<\/p>\n<p>Notre amertume tient dans le fait que, pour nous, militants de la CFTC, ce jugement ne rend pas justice aux victimes, leurs familles et ceux qui les ont accompagn\u00e9s.<\/p>\n<p>L\u2019article <a href=\"https:\/\/www.cftcmediaplus.fr\/telecoms\/orange-le-harcelement-moral-institutionnalise-est-reconnu\/\">Orange : Le harc\u00e8lement moral institutionnalis\u00e9 est reconnu<\/a> est apparu en premier sur <a href=\"https:\/\/www.cftcmediaplus.fr\/\">CFTC Media Plus<\/a>.<\/p>\n","protected":false},"excerpt":{"rendered":"<p>Le vendredi 30 septembre 2022, la Cour d\u2019Appel de Paris a rendu sa d\u00e9cision dans le dossier France T\u00e9l\u00e9com. La CFTC, partie civile dans ce proc\u00e8s, \u00e9tait bien s\u00fbr pr\u00e9sente notamment en la personne de Jean-Pierre Dumont qui a suivi ce proc\u00e8s depuis le d\u00e9but. La d\u00e9cision de justice rendue nous laisse un sentiment mitig\u00e9. [&hellip;]<\/p>\n","protected":false},"author":0,"featured_media":0,"comment_status":"open","ping_status":"open","sticky":false,"template":"","format":"standard","meta":[],"categories":[1],"tags":[],"_links":{"self":[{"href":"https:\/\/cftc-syntec.fr\/testimport\/wp-json\/wp\/v2\/posts\/4536"}],"collection":[{"href":"https:\/\/cftc-syntec.fr\/testimport\/wp-json\/wp\/v2\/posts"}],"about":[{"href":"https:\/\/cftc-syntec.fr\/testimport\/wp-json\/wp\/v2\/types\/post"}],"replies":[{"embeddable":true,"href":"https:\/\/cftc-syntec.fr\/testimport\/wp-json\/wp\/v2\/comments?post=4536"}],"version-history":[{"count":0,"href":"https:\/\/cftc-syntec.fr\/testimport\/wp-json\/wp\/v2\/posts\/4536\/revisions"}],"wp:attachment":[{"href":"https:\/\/cftc-syntec.fr\/testimport\/wp-json\/wp\/v2\/media?parent=4536"}],"wp:term":[{"taxonomy":"category","embeddable":true,"href":"https:\/\/cftc-syntec.fr\/testimport\/wp-json\/wp\/v2\/categories?post=4536"},{"taxonomy":"post_tag","embeddable":true,"href":"https:\/\/cftc-syntec.fr\/testimport\/wp-json\/wp\/v2\/tags?post=4536"}],"curies":[{"name":"wp","href":"https:\/\/api.w.org\/{rel}","templated":true}]}}