{"id":4537,"date":"2022-10-05T17:07:47","date_gmt":"2022-10-05T15:07:47","guid":{"rendered":"https:\/\/cftc-syntec.fr\/testimport\/le-forum-formation-professionnelle-et-reconversion-de-la-federation\/"},"modified":"2022-10-05T17:07:47","modified_gmt":"2022-10-05T15:07:47","slug":"le-forum-formation-professionnelle-et-reconversion-de-la-federation","status":"publish","type":"post","link":"https:\/\/cftc-syntec.fr\/testimport\/le-forum-formation-professionnelle-et-reconversion-de-la-federation\/","title":{"rendered":"Le forum Formation professionnelle et Reconversion de la F\u00e9d\u00e9ration"},"content":{"rendered":"<div class=\"elementor elementor-12891\">\n\t\t\t\t\t\t<div class=\"elementor-inner\">\n\t\t\t\t\t\t\t<div class=\"elementor-section-wrap\">\n\t\t\t\t\t\t\t<div class=\"elementor-container elementor-column-gap-default\">\n\t\t\t\t\t\t\t<div class=\"elementor-row\">\n\t\t\t\t\t<div class=\"elementor-column elementor-col-100 elementor-top-column elementor-element elementor-element-5112ad4b\">\n\t\t\t<div class=\"elementor-column-wrap elementor-element-populated\">\n\t\t\t\t\t\t\t<div class=\"elementor-widget-wrap\">\n\t\t\t\t\t\t<div class=\"elementor-element elementor-element-6ef2c441 elementor-widget elementor-widget-text-editor\">\n\t\t\t\t<div class=\"elementor-widget-container\">\n\t\t\t\t\t\t\t\t<div class=\"elementor-text-editor elementor-clearfix\">\n\t\t\t\t\t\n<p>Le 4 octobre s\u2019est tenu le forum \u00ab\u00a0Formation Professionnelle et Reconversion\u2019 organis\u00e9 par la F\u00e9d\u00e9ration CFTC Media+. <\/p>\n\n\n\n<p>Changer de m\u00e9tier, se reconvertir,  ce n\u2019est pas facile. D\u2019ailleurs, de quoi parle-t-on lorsqu\u2019on parle de reconversion ? Quels sont les dispositifs possibles, les financements ? Nos diff\u00e9rents intervenants ont r\u00e9pondu aux interrogations de nos militants. <\/p>\n\n\n\n<p>Au programme : <\/p>\n\n\n\nMaxime DUMONT, chef de fil conf\u00e9d\u00e9ral CFTC formation professionnelle et apprentissage\u00a0nous a pr\u00e9sent\u00e9 les positionnements conf\u00e9d\u00e9raux sur les dispositifs de formation. <a href=\"https:\/\/www.cftcmediaplus.fr\/wp-content\/uploads\/2022\/10\/Forum-formation-M-Dumont.pptx\" target=\"_blank\" rel=\"noopener\">T\u00e9l\u00e9charger ici sa pr\u00e9sentation<\/a>Ensuite, M<strong>. <\/strong>Thierry TEBOUL , le Directeur G\u00e9n\u00e9ral de l\u2019OPCO AFDAS a montr\u00e9 comment changer de m\u00e9tier dans sa branche et les financements possibles. <a href=\"https:\/\/www.cftcmediaplus.fr\/wp-content\/uploads\/2022\/10\/Intervention-Forum-AFDAS.pptx\">T\u00e9l\u00e9charger sa pr\u00e9sentation<\/a>Annie Cerbelle, Responsable du P\u00f4le Analyse, Commission, R\u00e9f\u00e9rentiel et Am\u00e9lioration continue chez transition Pro IDF, nous a expliqu\u00e9 comment construire son projet personnel de reconversion, les dispositifs hors branche, avec un focus sur le PTP, Projet de Transition Professionnelle. <a href=\"https:\/\/www.cftcmediaplus.fr\/wp-content\/uploads\/2022\/10\/Septembre-2022-Presentation-Transitions-Pro.pdf\">Sa pr\u00e9sentation est ici<\/a>Nathalie NAGEL, du cabinet Tandem Expertise a conclu la journ\u00e9e en donnant des conseils pour signer un bon accord GEPPMM. <a href=\"https:\/\/www.cftcmediaplus.fr\/wp-content\/uploads\/2022\/10\/GEPPMM-Support-Version-finale.pdf\">T\u00e9l\u00e9charger son support ici<\/a><p>Nous avons pu b\u00e9n\u00e9ficier d\u2019une pause artistique, avec la pr\u00e9sence de Pouet le Clown et la belle danseuse Helena\u2026<\/p>\n\n\n\n<p><\/p>\n\n\n\n<p>Retour en images sur cette belle journ\u00e9e d\u00e9di\u00e9e \u00e0 la formation et \u00e0 la reconversion. <\/p>\n\t\t\t\t\t<\/div>\n\t\t\t\t\t\t<\/div>\n\t\t\t\t<\/div>\n\t\t\t\t\t\t<\/div>\n\t\t\t\t\t<\/div>\n\t\t<\/div>\n\t\t\t\t\t\t\t\t<\/div>\n\t\t\t\t\t<\/div>\n\t\t<div class=\"elementor-container elementor-column-gap-default\">\n\t\t\t\t\t\t\t<div class=\"elementor-row\">\n\t\t\t\t\t<div class=\"elementor-column elementor-col-100 elementor-top-column elementor-element elementor-element-875e1d7\">\n\t\t\t<div class=\"elementor-column-wrap elementor-element-populated\">\n\t\t\t\t\t\t\t<div class=\"elementor-widget-wrap\">\n\t\t\t\t\t\t<div class=\"elementor-element elementor-element-4599241 elementor-widget elementor-widget-gallery\">\n\t\t\t\t<div class=\"elementor-widget-container\">\n\t\t\t\t\t<div class=\"elementor-gallery__container\">\n\t\t\t\t\t\t\t<a class=\"e-gallery-item elementor-gallery-item elementor-animated-content\" href=\"https:\/\/www.cftcmediaplus.fr\/wp-content\/uploads\/2022\/10\/CFTC_MediaPlus-002.jpg\">\n\t\t\t\t\t<div class=\"e-gallery-image elementor-gallery-item__image\"><\/div>\n\t\t\t\t\t\t\t\t\t\t<div class=\"elementor-gallery-item__overlay\"><\/div>\n\t\t\t\t\t\t\t\t\t\t\t\t\t\t<\/a>\n\t\t\t\t\t\t\t<a class=\"e-gallery-item elementor-gallery-item elementor-animated-content\" href=\"https:\/\/www.cftcmediaplus.fr\/wp-content\/uploads\/2022\/10\/CFTC_MediaPlus-021.jpg\">\n\t\t\t\t\t<div class=\"e-gallery-image elementor-gallery-item__image\"><\/div>\n\t\t\t\t\t\t\t\t\t\t<div class=\"elementor-gallery-item__overlay\"><\/div>\n\t\t\t\t\t\t\t\t\t\t\t\t\t\t<\/a>\n\t\t\t\t\t\t\t<a class=\"e-gallery-item elementor-gallery-item elementor-animated-content\" href=\"https:\/\/www.cftcmediaplus.fr\/wp-content\/uploads\/2022\/10\/CFTC_MediaPlus-030.jpg\">\n\t\t\t\t\t<div class=\"e-gallery-image elementor-gallery-item__image\"><\/div>\n\t\t\t\t\t\t\t\t\t\t<div class=\"elementor-gallery-item__overlay\"><\/div>\n\t\t\t\t\t\t\t\t\t\t\t\t\t\t<\/a>\n\t\t\t\t\t\t\t<a class=\"e-gallery-item elementor-gallery-item elementor-animated-content\" href=\"https:\/\/www.cftcmediaplus.fr\/wp-content\/uploads\/2022\/10\/CFTC_MediaPlus-042.jpg\">\n\t\t\t\t\t<div class=\"e-gallery-image elementor-gallery-item__image\"><\/div>\n\t\t\t\t\t\t\t\t\t\t<div class=\"elementor-gallery-item__overlay\"><\/div>\n\t\t\t\t\t\t\t\t\t\t\t\t\t\t<\/a>\n\t\t\t\t\t\t\t<a class=\"e-gallery-item elementor-gallery-item elementor-animated-content\" href=\"https:\/\/www.cftcmediaplus.fr\/wp-content\/uploads\/2022\/10\/CFTC_MediaPlus-066.jpg\">\n\t\t\t\t\t<div class=\"e-gallery-image elementor-gallery-item__image\"><\/div>\n\t\t\t\t\t\t\t\t\t\t<div class=\"elementor-gallery-item__overlay\"><\/div>\n\t\t\t\t\t\t\t\t\t\t\t\t\t\t<\/a>\n\t\t\t\t\t\t\t<a class=\"e-gallery-item elementor-gallery-item elementor-animated-content\" href=\"https:\/\/www.cftcmediaplus.fr\/wp-content\/uploads\/2022\/10\/CFTC_MediaPlus-072.jpg\">\n\t\t\t\t\t<div class=\"e-gallery-image elementor-gallery-item__image\"><\/div>\n\t\t\t\t\t\t\t\t\t\t<div class=\"elementor-gallery-item__overlay\"><\/div>\n\t\t\t\t\t\t\t\t\t\t\t\t\t\t<\/a>\n\t\t\t\t\t\t\t<a class=\"e-gallery-item elementor-gallery-item elementor-animated-content\" href=\"https:\/\/www.cftcmediaplus.fr\/wp-content\/uploads\/2022\/10\/CFTC_MediaPlus-099.jpg\">\n\t\t\t\t\t<div class=\"e-gallery-image elementor-gallery-item__image\"><\/div>\n\t\t\t\t\t\t\t\t\t\t<div class=\"elementor-gallery-item__overlay\"><\/div>\n\t\t\t\t\t\t\t\t\t\t\t\t\t\t<\/a>\n\t\t\t\t\t\t\t<a class=\"e-gallery-item elementor-gallery-item elementor-animated-content\" href=\"https:\/\/www.cftcmediaplus.fr\/wp-content\/uploads\/2022\/10\/CFTC_MediaPlus-111.jpg\">\n\t\t\t\t\t<div class=\"e-gallery-image elementor-gallery-item__image\"><\/div>\n\t\t\t\t\t\t\t\t\t\t<div class=\"elementor-gallery-item__overlay\"><\/div>\n\t\t\t\t\t\t\t\t\t\t\t\t\t\t<\/a>\n\t\t\t\t\t\t\t<a class=\"e-gallery-item elementor-gallery-item elementor-animated-content\" href=\"https:\/\/www.cftcmediaplus.fr\/wp-content\/uploads\/2022\/10\/CFTC_MediaPlus-117.jpg\">\n\t\t\t\t\t<div class=\"e-gallery-image elementor-gallery-item__image\"><\/div>\n\t\t\t\t\t\t\t\t\t\t<div class=\"elementor-gallery-item__overlay\"><\/div>\n\t\t\t\t\t\t\t\t\t\t\t\t\t\t<\/a>\n\t\t\t\t\t\t\t<a class=\"e-gallery-item elementor-gallery-item elementor-animated-content\" href=\"https:\/\/www.cftcmediaplus.fr\/wp-content\/uploads\/2022\/10\/CFTC_MediaPlus-124.jpg\">\n\t\t\t\t\t<div class=\"e-gallery-image elementor-gallery-item__image\"><\/div>\n\t\t\t\t\t\t\t\t\t\t<div class=\"elementor-gallery-item__overlay\"><\/div>\n\t\t\t\t\t\t\t\t\t\t\t\t\t\t<\/a>\n\t\t\t\t\t\t\t<a class=\"e-gallery-item elementor-gallery-item elementor-animated-content\" href=\"https:\/\/www.cftcmediaplus.fr\/wp-content\/uploads\/2022\/10\/CFTC_MediaPlus-221.jpg\">\n\t\t\t\t\t<div class=\"e-gallery-image elementor-gallery-item__image\"><\/div>\n\t\t\t\t\t\t\t\t\t\t<div class=\"elementor-gallery-item__overlay\"><\/div>\n\t\t\t\t\t\t\t\t\t\t\t\t\t\t<\/a>\n\t\t\t\t\t\t\t<a class=\"e-gallery-item elementor-gallery-item elementor-animated-content\" href=\"https:\/\/www.cftcmediaplus.fr\/wp-content\/uploads\/2022\/10\/CFTC_MediaPlus-146.jpg\">\n\t\t\t\t\t<div class=\"e-gallery-image elementor-gallery-item__image\"><\/div>\n\t\t\t\t\t\t\t\t\t\t<div class=\"elementor-gallery-item__overlay\"><\/div>\n\t\t\t\t\t\t\t\t\t\t\t\t\t\t<\/a>\n\t\t\t\t\t\t\t<a class=\"e-gallery-item elementor-gallery-item elementor-animated-content\" href=\"https:\/\/www.cftcmediaplus.fr\/wp-content\/uploads\/2022\/10\/CFTC_MediaPlus-243.jpg\">\n\t\t\t\t\t<div class=\"e-gallery-image elementor-gallery-item__image\"><\/div>\n\t\t\t\t\t\t\t\t\t\t<div class=\"elementor-gallery-item__overlay\"><\/div>\n\t\t\t\t\t\t\t\t\t\t\t\t\t\t<\/a>\n\t\t\t\t\t\t\t<a class=\"e-gallery-item elementor-gallery-item elementor-animated-content\" href=\"https:\/\/www.cftcmediaplus.fr\/wp-content\/uploads\/2022\/10\/CFTC_MediaPlus-274.jpg\">\n\t\t\t\t\t<div class=\"e-gallery-image elementor-gallery-item__image\"><\/div>\n\t\t\t\t\t\t\t\t\t\t<div class=\"elementor-gallery-item__overlay\"><\/div>\n\t\t\t\t\t\t\t\t\t\t\t\t\t\t<\/a>\n\t\t\t\t\t\t\t<a class=\"e-gallery-item elementor-gallery-item elementor-animated-content\" href=\"https:\/\/www.cftcmediaplus.fr\/wp-content\/uploads\/2022\/10\/CFTC_MediaPlus-269.jpg\">\n\t\t\t\t\t<div class=\"e-gallery-image elementor-gallery-item__image\"><\/div>\n\t\t\t\t\t\t\t\t\t\t<div class=\"elementor-gallery-item__overlay\"><\/div>\n\t\t\t\t\t\t\t\t\t\t\t\t\t\t<\/a>\n\t\t\t\t\t\t\t<a class=\"e-gallery-item elementor-gallery-item elementor-animated-content\" href=\"https:\/\/www.cftcmediaplus.fr\/wp-content\/uploads\/2022\/10\/CFTC_MediaPlus-292.jpg\">\n\t\t\t\t\t<div class=\"e-gallery-image elementor-gallery-item__image\"><\/div>\n\t\t\t\t\t\t\t\t\t\t<div class=\"elementor-gallery-item__overlay\"><\/div>\n\t\t\t\t\t\t\t\t\t\t\t\t\t\t<\/a>\n\t\t\t\t\t\t\t<a class=\"e-gallery-item elementor-gallery-item elementor-animated-content\" href=\"https:\/\/www.cftcmediaplus.fr\/wp-content\/uploads\/2022\/10\/CFTC_MediaPlus-284.jpg\">\n\t\t\t\t\t<div class=\"e-gallery-image elementor-gallery-item__image\"><\/div>\n\t\t\t\t\t\t\t\t\t\t<div class=\"elementor-gallery-item__overlay\"><\/div>\n\t\t\t\t\t\t\t\t\t\t\t\t\t\t<\/a>\n\t\t\t\t\t<\/div>\n\t\t\t<\/div>\n\t\t\t\t<\/div>\n\t\t\t\t\t\t<\/div>\n\t\t\t\t\t<\/div>\n\t\t<\/div>\n\t\t\t\t\t\t\t\t<\/div>\n\t\t\t\t\t<\/div>\n\t\t<\/div>\n\t\t\t\t\t\t<\/div>\n\t\t\t\t\t<\/div>\n\t\t<p>L\u2019article <a href=\"https:\/\/www.cftcmediaplus.fr\/federation\/le-forum-formation-professionnelle-et-reconversion-de-la-federation\/\">Le forum Formation professionnelle et Reconversion de la F\u00e9d\u00e9ration<\/a> est apparu en premier sur <a href=\"https:\/\/www.cftcmediaplus.fr\/\">CFTC Media Plus<\/a>.<\/p>","protected":false},"excerpt":{"rendered":"<p>Le 4 octobre s\u2019est tenu le forum \u00ab\u00a0Formation Professionnelle et Reconversion\u2019 organis\u00e9 par la F\u00e9d\u00e9ration CFTC Media+. Changer de m\u00e9tier, se reconvertir, ce n\u2019est pas facile. D\u2019ailleurs, de quoi parle-t-on lorsqu\u2019on parle de reconversion ? Quels sont les dispositifs possibles, les financements ? Nos diff\u00e9rents intervenants ont r\u00e9pondu aux interrogations de nos militants. Au programme [&hellip;]<\/p>\n","protected":false},"author":0,"featured_media":0,"comment_status":"open","ping_status":"open","sticky":false,"template":"","format":"standard","meta":[],"categories":[1],"tags":[],"_links":{"self":[{"href":"https:\/\/cftc-syntec.fr\/testimport\/wp-json\/wp\/v2\/posts\/4537"}],"collection":[{"href":"https:\/\/cftc-syntec.fr\/testimport\/wp-json\/wp\/v2\/posts"}],"about":[{"href":"https:\/\/cftc-syntec.fr\/testimport\/wp-json\/wp\/v2\/types\/post"}],"replies":[{"embeddable":true,"href":"https:\/\/cftc-syntec.fr\/testimport\/wp-json\/wp\/v2\/comments?post=4537"}],"version-history":[{"count":0,"href":"https:\/\/cftc-syntec.fr\/testimport\/wp-json\/wp\/v2\/posts\/4537\/revisions"}],"wp:attachment":[{"href":"https:\/\/cftc-syntec.fr\/testimport\/wp-json\/wp\/v2\/media?parent=4537"}],"wp:term":[{"taxonomy":"category","embeddable":true,"href":"https:\/\/cftc-syntec.fr\/testimport\/wp-json\/wp\/v2\/categories?post=4537"},{"taxonomy":"post_tag","embeddable":true,"href":"https:\/\/cftc-syntec.fr\/testimport\/wp-json\/wp\/v2\/tags?post=4537"}],"curies":[{"name":"wp","href":"https:\/\/api.w.org\/{rel}","templated":true}]}}