{"id":4543,"date":"2022-10-14T13:45:17","date_gmt":"2022-10-14T11:45:17","guid":{"rendered":"https:\/\/cftc-syntec.fr\/testimport\/la-poste-bgpn-exit-la-dr-place-a-la-drex\/"},"modified":"2022-10-14T13:45:17","modified_gmt":"2022-10-14T11:45:17","slug":"la-poste-bgpn-exit-la-dr-place-a-la-drex","status":"publish","type":"post","link":"https:\/\/cftc-syntec.fr\/testimport\/la-poste-bgpn-exit-la-dr-place-a-la-drex\/","title":{"rendered":"La Poste \u2013 BGPN : EXIT LA DR PLACE \u00c0 LA DREX"},"content":{"rendered":"<p>Lors de la CDSP du 28 octobre 2022, la BGPN a ent\u00e9rin\u00e9 la date de fin des Directions R\u00e9gionales et de la cr\u00e9ation des Directions R\u00e9gionales Ex\u00e9cutives (DREX). Ces 15 DREX prendront le p\u00e9rim\u00e8tre des r\u00e9gions administratives que nous connaissons avec la particularit\u00e9 de l\u2019Ile de France qui sera divis\u00e9e en 3 DREX : IDF Est, IDF Ouest et Paris.<\/p>\n<p>Ce projet, annonc\u00e9 en mars 2021 devait s\u2019\u00e9taler dans le temps jusqu\u2019en 2025 ; on remarquera que le timing a \u00e9t\u00e9 ramen\u00e9 \u00e0 septembre 2023.<\/p>\n<p>Les retours d\u2019exp\u00e9rience des 3 r\u00e9gions pilotes \u2013 Bretagne, PACA et IDF Est, cr\u00e9\u00e9es d\u00e8s janvier 2023, serviront \u00e0 l\u2019accompagnement pour la fin du projet. Si les DR disparaissent, les DEX telles que nous les connaissons ne sont pas remises en cause.<\/p>\n<p>Les Directeurs auront 3 directeurs adjoints sur les 3 axes strat\u00e9giques :<br \/>\u2022 Exp\u00e9rience Client<br \/>\u2022 D\u00e9veloppement et animation Commerciale<br \/>\u2022 Maillage territorial et animation des partenariats<br \/>Les DT seront le lien direct entre la DREX et les DS.<\/p>\n<\/p>\n<p>Ce projet a pour but de simplifier et de donner de l\u2019autonomie aux Secteurs\u2026Mais concr\u00e8tement ?<br \/>La CFTC reste sceptique sur l\u2019efficacit\u00e9 de ce projet qui risque d\u2019\u00e9loigner encore les Postiers de leurs Directions.<\/p>\n<\/p>\n<p>R\u00e9flexions CFTC :<br \/>\u2022 Sur le projet : Des m\u00e9tiers en DR qui disparaissent, d\u2019autres qui \u00e9voluent, et des cr\u00e9ations en DREX. La Poste reste muette sur les reprises d\u2019emploi.<br \/>Cependant, diviser par 2 le nombre de DR (hors DOM) \u00e0 horizon 2024 laisse place \u00e0 beaucoup d\u2019interrogations.<br \/>\u2022 Apr\u00e8s MCU qui devait r\u00e9volutionner le management, verrons-nous enfin avec la cr\u00e9ation des DREX une \u00e9volution dans le pilotage et l\u2019autonomie des Secteurs<br \/>\u2022 Fusions et R\u00e9organisations : Les actuelles fusions et r\u00e9organisations de Secteur vont elle continuer \u00e0 ce rythme ? Si le projet DREX ne concerne pas les Secteurs, les postiers n\u2019en sont pas moins inquiets.<\/p>\n<p>Dans tous les cas et quelle que soit l\u2019organisation en Direction, il va bien falloir mettre des postiers form\u00e9s et en nombre suffisant en face de la client\u00e8le.<\/p>\n<p>L\u2019article <a href=\"https:\/\/www.cftcmediaplus.fr\/postes\/la-poste-bgpn-exit-la-dr-place-a-la-drex\/\">La Poste \u2013 BGPN : EXIT LA DR PLACE \u00c0 LA DREX<\/a> est apparu en premier sur <a href=\"https:\/\/www.cftcmediaplus.fr\/\">CFTC Media Plus<\/a>.<\/p>\n","protected":false},"excerpt":{"rendered":"<p>Lors de la CDSP du 28 octobre 2022, la BGPN a ent\u00e9rin\u00e9 la date de fin des Directions R\u00e9gionales et de la cr\u00e9ation des Directions R\u00e9gionales Ex\u00e9cutives (DREX). Ces 15 DREX prendront le p\u00e9rim\u00e8tre des r\u00e9gions administratives que nous connaissons avec la particularit\u00e9 de l\u2019Ile de France qui sera divis\u00e9e en 3 DREX : IDF [&hellip;]<\/p>\n","protected":false},"author":0,"featured_media":0,"comment_status":"open","ping_status":"open","sticky":false,"template":"","format":"standard","meta":[],"categories":[1],"tags":[],"_links":{"self":[{"href":"https:\/\/cftc-syntec.fr\/testimport\/wp-json\/wp\/v2\/posts\/4543"}],"collection":[{"href":"https:\/\/cftc-syntec.fr\/testimport\/wp-json\/wp\/v2\/posts"}],"about":[{"href":"https:\/\/cftc-syntec.fr\/testimport\/wp-json\/wp\/v2\/types\/post"}],"replies":[{"embeddable":true,"href":"https:\/\/cftc-syntec.fr\/testimport\/wp-json\/wp\/v2\/comments?post=4543"}],"version-history":[{"count":0,"href":"https:\/\/cftc-syntec.fr\/testimport\/wp-json\/wp\/v2\/posts\/4543\/revisions"}],"wp:attachment":[{"href":"https:\/\/cftc-syntec.fr\/testimport\/wp-json\/wp\/v2\/media?parent=4543"}],"wp:term":[{"taxonomy":"category","embeddable":true,"href":"https:\/\/cftc-syntec.fr\/testimport\/wp-json\/wp\/v2\/categories?post=4543"},{"taxonomy":"post_tag","embeddable":true,"href":"https:\/\/cftc-syntec.fr\/testimport\/wp-json\/wp\/v2\/tags?post=4543"}],"curies":[{"name":"wp","href":"https:\/\/api.w.org\/{rel}","templated":true}]}}