{"id":4548,"date":"2022-10-27T11:17:21","date_gmt":"2022-10-27T09:17:21","guid":{"rendered":"https:\/\/cftc-syntec.fr\/testimport\/editorial-3\/"},"modified":"2022-10-27T11:17:21","modified_gmt":"2022-10-27T09:17:21","slug":"editorial-3","status":"publish","type":"post","link":"https:\/\/cftc-syntec.fr\/testimport\/editorial-3\/","title":{"rendered":"\u00c9DITORIAL"},"content":{"rendered":"<p class=\"has-text-color\"><strong>La fin de l\u2019abondance marquera-t-elle le d\u00e9but de la sobri\u00e9t\u00e9 ?<\/strong><\/p>\n<p>Avec une de ces petites phrases dont il a le secret, le Pr\u00e9sident de la R\u00e9publique aura donn\u00e9 le ton de la rentr\u00e9e. La \u00ab fin de l\u2019abondance, de l\u2019\u00e9vidence et de l\u2019insouciance\u202f\u00bb aura sonn\u00e9 pour les Fran\u00e7aises et les Fran\u00e7ais comme une provocation et, plus encore, pour ceux que la CFTC repr\u00e9sente et d\u00e9fend au quotidien. Comment ne pas s\u2019indigner alors que la pauvret\u00e9 en France* ne cesse de s\u2019aggraver et que la pr\u00e9carit\u00e9 du travail touche de plus en plus de salari\u00e9s ?<\/p>\n<p>\u00a0La grande d\u00e9mission dont on nous rebat les oreilles \u2013 comme s\u2019il s\u2019agissait d\u2019un caprice d\u2019apr\u00e8s Covid des travailleurs ! \u2013 ne doit pas cacher les r\u00e9elles probl\u00e9matiques du travail : un manque crucial d\u2019attractivit\u00e9 des m\u00e9tiers en termes de conditions de travail, de r\u00e9partition des temps de vie et surtout de r\u00e9mun\u00e9rations. La CFTC estime que les conditions de travail ont nettement recul\u00e9 en 2021 avec une intensification du travail, des horaires d\u00e9cal\u00e9s, un d\u00e9s\u00e9quilibre accru des temps de vie, un impact \u00e9motionnel du travail et une plus grande ins\u00e9curit\u00e9 de l\u2019emploi**. \u00c0 ce jour, et plus encore apr\u00e8s l\u2019augmentation li\u00e9e \u00e0 l\u2019inflation du SMIC au 1er ao\u00fbt, nombre de branches restent en de\u00e7\u00e0 des minima sociaux et la revalorisation des grilles indiciaires peine \u00e0 se mettre en place. Jamais en France, un Smicard n\u2019aura co\u00fbt\u00e9 aussi peu cher aux entreprises ni rapport\u00e9 autant d\u2019aides !<\/p>\n<p>\u00a0Le pouvoir d\u2019achat des salari\u00e9s \u2013 et avec lui le niveau de vie de leurs familles \u2013 est de plus en plus fragilis\u00e9, avec un co\u00fbt des transports et une facture \u00e9nerg\u00e9tique qui flambent. Il serait grand temps de partager la valeur produite comme le r\u00e9clame depuis longtemps la CFTC. H\u00e9las, la taxation des superprofits tent\u00e9e par l\u2019Union Europ\u00e9enne restera limit\u00e9e et tellement s\u00e9lective qu\u2019elle risque de ne rapporter qu\u2019un dixi\u00e8me des 50 milliards attendus. Au lieu de cela, l\u2019\u00c9tat annonce continuer sa r\u00e9forme de l\u2019assurance ch\u00f4mage et ses mesures \u00e0 court-terme. Plut\u00f4t contraindre les ch\u00f4meurs \u00e0 accepter une activit\u00e9 que r\u00e9fl\u00e9chir \u00e0 revaloriser les m\u00e9tiers et le travail ! Plut\u00f4t d\u00e9r\u00e9guler les grands corps techniques de l\u2019Etat que de conserver un service public de qualit\u00e9, \u00e9galitaire, au profit de tous ! Plut\u00f4t annoncer une r\u00e9forme param\u00e9trique au forceps de l\u2019\u00e2ge de d\u00e9part \u00e0 la retraite que de n\u00e9gocier avec les partenaires sociaux et les parlementaires ! Enfin, et c\u2019est peut-\u00eatre le plus grave, alors qu\u2019il y a urgence \u00e0 prendre en compte les risques environnementaux et \u00e0 changer rapidement nos modes de production et de consommation et \u00e0 envisager un r\u00e9el mix \u00e9nerg\u00e9tique, la mesure phare est maintenant de faire passer tout le monde au mod\u00e8le \u00e9lectrique et \u00e0 pr\u00f4ner la sobri\u00e9t\u00e9 sans trop d\u2019obligation pour les plus gros consommateurs industriels. Ceux qui ont v\u00e9cu dans les r\u00e9gions caniculaires cet \u00e9t\u00e9 appr\u00e9cieront.<\/p>\n<p>Mais l\u00e0 o\u00f9 le Gouvernement ne se trompera pas, c\u2019est en effet que la rentr\u00e9e sera \u00e9lectrique !<\/p>\n<p><em>\u00a0*Le troisi\u00e8me rapport annuel du comit\u00e9 d\u2019\u00e9valuation de la Strat\u00e9gie nationale de pr\u00e9vention et de lutte contre la pauvret\u00e9 2018-2022, France Strat\u00e9gie.<\/em><\/p>\n<p><em>** Contribution de la CFTC au bilan des conditions de travail DGT 2021<\/em><\/p>\n<p>L\u2019article <a href=\"https:\/\/www.cftcmediaplus.fr\/federation\/editorial-3\/\">\u00c9DITORIAL<\/a> est apparu en premier sur <a href=\"https:\/\/www.cftcmediaplus.fr\/\">CFTC Media Plus<\/a>.<\/p>\n","protected":false},"excerpt":{"rendered":"<p>La fin de l\u2019abondance marquera-t-elle le d\u00e9but de la sobri\u00e9t\u00e9 ? Avec une de ces petites phrases dont il a le secret, le Pr\u00e9sident de la R\u00e9publique aura donn\u00e9 le ton de la rentr\u00e9e. La \u00ab fin de l\u2019abondance, de l\u2019\u00e9vidence et de l\u2019insouciance\u202f\u00bb aura sonn\u00e9 pour les Fran\u00e7aises et les Fran\u00e7ais comme une provocation [&hellip;]<\/p>\n","protected":false},"author":0,"featured_media":0,"comment_status":"open","ping_status":"open","sticky":false,"template":"","format":"standard","meta":[],"categories":[1],"tags":[],"_links":{"self":[{"href":"https:\/\/cftc-syntec.fr\/testimport\/wp-json\/wp\/v2\/posts\/4548"}],"collection":[{"href":"https:\/\/cftc-syntec.fr\/testimport\/wp-json\/wp\/v2\/posts"}],"about":[{"href":"https:\/\/cftc-syntec.fr\/testimport\/wp-json\/wp\/v2\/types\/post"}],"replies":[{"embeddable":true,"href":"https:\/\/cftc-syntec.fr\/testimport\/wp-json\/wp\/v2\/comments?post=4548"}],"version-history":[{"count":0,"href":"https:\/\/cftc-syntec.fr\/testimport\/wp-json\/wp\/v2\/posts\/4548\/revisions"}],"wp:attachment":[{"href":"https:\/\/cftc-syntec.fr\/testimport\/wp-json\/wp\/v2\/media?parent=4548"}],"wp:term":[{"taxonomy":"category","embeddable":true,"href":"https:\/\/cftc-syntec.fr\/testimport\/wp-json\/wp\/v2\/categories?post=4548"},{"taxonomy":"post_tag","embeddable":true,"href":"https:\/\/cftc-syntec.fr\/testimport\/wp-json\/wp\/v2\/tags?post=4548"}],"curies":[{"name":"wp","href":"https:\/\/api.w.org\/{rel}","templated":true}]}}