{"id":4549,"date":"2022-10-27T15:06:58","date_gmt":"2022-10-27T13:06:58","guid":{"rendered":"https:\/\/cftc-syntec.fr\/testimport\/worldline-la-cftc-fait-greve\/"},"modified":"2022-10-27T15:06:58","modified_gmt":"2022-10-27T13:06:58","slug":"worldline-la-cftc-fait-greve","status":"publish","type":"post","link":"https:\/\/cftc-syntec.fr\/testimport\/worldline-la-cftc-fait-greve\/","title":{"rendered":"WORLDLINE : LA CFTC FAIT GR\u00c8VE"},"content":{"rendered":"<p class=\"has-background\">Depuis d\u00e9but septembre, les salari\u00e9s de Worldline ont fait gr\u00e8ve \u00e0 plusieurs reprises \u00e0 l\u2019appel de l\u2019intersyndicale, dont la CFTC fait partie.<\/p>\n<p class=\"has-background\">Pour la premi\u00e8re fois depuis douze ans, et l\u2019introduction en bourse de Worldline, entreprise sp\u00e9cialiste du paiement num\u00e9rique et \u00e9lectronique, les syndicats ont lanc\u00e9 un appel \u00e0 la gr\u00e8ve reconductible.<\/p>\n<p class=\"has-text-color\"><strong>La raison de leur col\u00e8re ?<\/strong><\/p>\n<p>Worldline, c\u2019est 4 000 salari\u00e9s en France (20 000 dans le monde), r\u00e9partis sur dix sites\u2026 et des salari\u00e9s mal pay\u00e9s. Depuis plusieurs ann\u00e9es, la politique salariale est source de m\u00e9contentement du c\u00f4t\u00e9 des salari\u00e9s. L\u2019entreprise pratique une politique de \u201cjuniorisation\u201d, elle embauche des jeunes peu pay\u00e9s et augmente peu les salari\u00e9s plus exp\u00e9riment\u00e9s. Pourtant, l\u2019entreprise, qui r\u00e9alise de cons\u00e9quents b\u00e9n\u00e9fices, se porte tr\u00e8s bien et fait \u00e9cho de ses bons r\u00e9sultats.<\/p>\n<p>Aussi, en juin, lorsque l\u2019accord d\u2019int\u00e9ressement a \u00e9t\u00e9 pr\u00e9sent\u00e9, les organisations syndicales ont, pour la premi\u00e8re fois dans l\u2019histoire de l\u2019entreprise, refus\u00e9 de la signer. Elles ont estim\u00e9 que la somme propos\u00e9e aux salari\u00e9s \u00e9tait ridicule au vu des r\u00e9sultats de l\u2019entreprise. Cet accord d\u2019int\u00e9ressement a \u00e9t\u00e9 la goutte qui a fait d\u00e9border le vase.<\/p>\n<p>Aujourd\u2019hui, les syndicats, dont la CFTC, demandent une vraie augmentation de salaire de 150 euros brut par mois, un effort de l\u2019entreprise pour r\u00e9compenser ses salari\u00e9s du travail effectu\u00e9.<\/p>\n<p>Depuis l\u2019introduction en bourse de Worldline, seuls les r\u00e9sultats financiers sont pris en compte. \u00c0 la CFTC, on estime que l\u2019humain doit primer sur les r\u00e9sultats et que la redistribution des richesses doit \u00eatre \u00e9quitable !<\/p>\n<p>L\u2019article <a href=\"https:\/\/www.cftcmediaplus.fr\/federation\/worldline-la-cftc-fait-greve\/\">WORLDLINE : LA CFTC FAIT GR\u00c8VE<\/a> est apparu en premier sur <a href=\"https:\/\/www.cftcmediaplus.fr\/\">CFTC Media Plus<\/a>.<\/p>\n","protected":false},"excerpt":{"rendered":"<p>Depuis d\u00e9but septembre, les salari\u00e9s de Worldline ont fait gr\u00e8ve \u00e0 plusieurs reprises \u00e0 l\u2019appel de l\u2019intersyndicale, dont la CFTC fait partie. Pour la premi\u00e8re fois depuis douze ans, et l\u2019introduction en bourse de Worldline, entreprise sp\u00e9cialiste du paiement num\u00e9rique et \u00e9lectronique, les syndicats ont lanc\u00e9 un appel \u00e0 la gr\u00e8ve reconductible. La raison de [&hellip;]<\/p>\n","protected":false},"author":0,"featured_media":0,"comment_status":"open","ping_status":"open","sticky":false,"template":"","format":"standard","meta":[],"categories":[1],"tags":[],"_links":{"self":[{"href":"https:\/\/cftc-syntec.fr\/testimport\/wp-json\/wp\/v2\/posts\/4549"}],"collection":[{"href":"https:\/\/cftc-syntec.fr\/testimport\/wp-json\/wp\/v2\/posts"}],"about":[{"href":"https:\/\/cftc-syntec.fr\/testimport\/wp-json\/wp\/v2\/types\/post"}],"replies":[{"embeddable":true,"href":"https:\/\/cftc-syntec.fr\/testimport\/wp-json\/wp\/v2\/comments?post=4549"}],"version-history":[{"count":0,"href":"https:\/\/cftc-syntec.fr\/testimport\/wp-json\/wp\/v2\/posts\/4549\/revisions"}],"wp:attachment":[{"href":"https:\/\/cftc-syntec.fr\/testimport\/wp-json\/wp\/v2\/media?parent=4549"}],"wp:term":[{"taxonomy":"category","embeddable":true,"href":"https:\/\/cftc-syntec.fr\/testimport\/wp-json\/wp\/v2\/categories?post=4549"},{"taxonomy":"post_tag","embeddable":true,"href":"https:\/\/cftc-syntec.fr\/testimport\/wp-json\/wp\/v2\/tags?post=4549"}],"curies":[{"name":"wp","href":"https:\/\/api.w.org\/{rel}","templated":true}]}}