{"id":4559,"date":"2022-11-03T18:07:23","date_gmt":"2022-11-03T17:07:23","guid":{"rendered":"https:\/\/cftc-syntec.fr\/testimport\/reunion-des-mandates-de-groupe-europeen\/"},"modified":"2022-11-03T18:07:23","modified_gmt":"2022-11-03T17:07:23","slug":"reunion-des-mandates-de-groupe-europeen","status":"publish","type":"post","link":"https:\/\/cftc-syntec.fr\/testimport\/reunion-des-mandates-de-groupe-europeen\/","title":{"rendered":"R\u00c9UNION DES MANDAT\u00c9S DE GROUPE EUROP\u00c9EN"},"content":{"rendered":"<p>Mis en place par Jean-Pierre Praseuth (Orange) et Jean[1]Philippe Charpentier (Verizon) mi 2021, les mandat\u00e9s de la F\u00e9d\u00e9ration MEDIA+ au sein des Comit\u00e9s de Groupe europ\u00e9ens le Commissaire europ\u00e9en \u00e0 l\u2019emploi et aux droits sociaux Nicolas Schmit de ce contournement \u2013 ou European Works Council \u2013 ont pris un rythme de croisi\u00e8re en se r\u00e9unissant par visio tous les deux mois. Le 6 juillet dernier, nos repr\u00e9sentants des entreprises Verizon, Oracle, Cap Gemini, Accenture et Orange se rencontraient, enfin, dans les locaux de la F\u00e9d\u00e9ration CFTC \u00e0 Villejuif pour une r\u00e9union d\u2019\u00e9change tr\u00e8s conviviale. <\/p>\n<p>Le recensement des accords de comit\u00e9 de groupe et la constitution d\u2019une base de donn\u00e9es en cours permettent d\u2019ores et d\u00e9j\u00e0 de comparer le fonctionnement de cette instance dans les diff\u00e9rentes entreprises. L\u2019\u00e9tude des jurisprudences europ\u00e9ennes, en pr\u00e9sence des juristes de la F\u00e9d\u00e9ration, Suzanne Laleuw et Louise Bigot, a mis plusieurs particularit\u00e9s en \u00e9vidence comme celle de positionner les comit\u00e9s dans des pays moins disant socialement et o\u00f9 les recours juridiques sont plus complexes, comme l\u2019Irlande. La F\u00e9d\u00e9ration, appuy\u00e9e par Vladimir Djordjevic de la Conf\u00e9d\u00e9ration, a alert\u00e9 Jean-Philippe Charpentier a particip\u00e9 au groupe de travail organis\u00e9 par le centre de formation de la Conf\u00e9d\u00e9ration Europ\u00e9enne des Syndicats (voir encadr\u00e9 ci-dessous). Il aide actuellement la Conf\u00e9d\u00e9ration \u00e0 \u00e9tablir un plan de formation pour les repr\u00e9sentants CFTC amen\u00e9s \u00e0 si\u00e9ger dans les instances europ\u00e9ennes. <\/p>\n<p>Le groupe est bien s\u00fbr amen\u00e9 \u00e0 s\u2019\u00e9toffer, d\u2019autres entreprises \u00e9tant concern\u00e9es au sein de MEDIA+ comme DXC Technology, Worldline, Alten, Hachette, Free ou encore Bouygues. Vous pouvez vous inscrire pour la session du 7 octobre et les suivantes via le mail : <a href=\"mailto:secretariat.federal@cftcmediaplus.fr\">secretariat.federal@cftcmediaplus.fr<\/a> <\/p>\n<p class=\"has-text-color has-background\"><strong>RETOUR SUR LA CONF\u00c9RENCE DE LA CONF\u00c9D\u00c9RATION EUROP\u00c9ENNE DES SYNDICATS (CES) D\u00c9DI\u00c9E AUX COMIT\u00c9S D\u2019ENTREPRISES EUROP\u00c9ENS (CEE)<\/strong> <\/p>\n<p class=\"has-dark-color has-text-color has-background\">En pr\u00e9sence de plusieurs d\u00e9put\u00e9s Europ\u00e9ens \u2013 Dennis Radtke (RFA), Gaby Bischoff (RFA), Mar\u00eda Eugenia Rodr\u00edguez Palop (Espagne), Mounir Satouri (France) \u2013, deux grands th\u00e8mes ont \u00e9t\u00e9 examin\u00e9s au cours de cette conf\u00e9rence annuelle qui s\u2019est tenue \u00e0 Bruxelles les 8 et 9 septembre : <\/p>\n<p class=\"has-dark-color has-text-color has-background\">\u2022 Le projet de r\u00e9vision de la directive sur les comit\u00e9s d\u2019entreprise europ\u00e9ens, notamment leurs moyens d\u2019action et les champs couverts par leur droit \u00e0 l\u2019information et consultation, <\/p>\n<p class=\"has-dark-color has-text-color has-background\">\u2022 Les diligences en mati\u00e8re de politique de durabilit\u00e9 dans les entreprises au regard des propositions de la Commission. Plusieurs ateliers, notamment sur l\u2019\u00e9tablissement d\u2019un guide sur les strat\u00e9gies \u00e0 tenir lors des conflits ou sur les actions de coordination entre \u00e9lus europ\u00e9ens, ont permis aux repr\u00e9sentants de nombreux pays et entreprises d\u2019\u00e9changer, mais aussi de renforcer des liens existants sur les pratiques en cours. <\/p>\n<p class=\"has-dark-color has-text-color has-background\">Compte tenu de la conjoncture, il est crucial que les CEE soient inform\u00e9s et consult\u00e9s comme de droit, sur les projets de r\u00e9organisation qui prennent forme dans bon nombre d\u2019entreprises \u00e0 dimension communautaire. Il a \u00e9t\u00e9 rappel\u00e9 le r\u00f4le clef des syndicats europ\u00e9ens en mati\u00e8re de coordination avec les syndicats nationaux qui, aux dires des membres du Parlement Europ\u00e9en, restent encore trop frileux sur des questions d\u2019emplois affectant tous les pays europ\u00e9ens.<\/p>\n<p>L\u2019article <a href=\"https:\/\/www.cftcmediaplus.fr\/federation\/reunion-des-mandates-de-groupe-europeen\/\">R\u00c9UNION DES MANDAT\u00c9S DE GROUPE EUROP\u00c9EN<\/a> est apparu en premier sur <a href=\"https:\/\/www.cftcmediaplus.fr\/\">CFTC Media Plus<\/a>.<\/p>\n","protected":false},"excerpt":{"rendered":"<p>Mis en place par Jean-Pierre Praseuth (Orange) et Jean[1]Philippe Charpentier (Verizon) mi 2021, les mandat\u00e9s de la F\u00e9d\u00e9ration MEDIA+ au sein des Comit\u00e9s de Groupe europ\u00e9ens le Commissaire europ\u00e9en \u00e0 l\u2019emploi et aux droits sociaux Nicolas Schmit de ce contournement \u2013 ou European Works Council \u2013 ont pris un rythme de croisi\u00e8re en se r\u00e9unissant [&hellip;]<\/p>\n","protected":false},"author":0,"featured_media":0,"comment_status":"open","ping_status":"open","sticky":false,"template":"","format":"standard","meta":[],"categories":[1],"tags":[],"_links":{"self":[{"href":"https:\/\/cftc-syntec.fr\/testimport\/wp-json\/wp\/v2\/posts\/4559"}],"collection":[{"href":"https:\/\/cftc-syntec.fr\/testimport\/wp-json\/wp\/v2\/posts"}],"about":[{"href":"https:\/\/cftc-syntec.fr\/testimport\/wp-json\/wp\/v2\/types\/post"}],"replies":[{"embeddable":true,"href":"https:\/\/cftc-syntec.fr\/testimport\/wp-json\/wp\/v2\/comments?post=4559"}],"version-history":[{"count":0,"href":"https:\/\/cftc-syntec.fr\/testimport\/wp-json\/wp\/v2\/posts\/4559\/revisions"}],"wp:attachment":[{"href":"https:\/\/cftc-syntec.fr\/testimport\/wp-json\/wp\/v2\/media?parent=4559"}],"wp:term":[{"taxonomy":"category","embeddable":true,"href":"https:\/\/cftc-syntec.fr\/testimport\/wp-json\/wp\/v2\/categories?post=4559"},{"taxonomy":"post_tag","embeddable":true,"href":"https:\/\/cftc-syntec.fr\/testimport\/wp-json\/wp\/v2\/tags?post=4559"}],"curies":[{"name":"wp","href":"https:\/\/api.w.org\/{rel}","templated":true}]}}