{"id":4578,"date":"2022-12-05T15:40:38","date_gmt":"2022-12-05T14:40:38","guid":{"rendered":"https:\/\/cftc-syntec.fr\/testimport\/fusion-des-syndicats-des-postes-et-telecoms-atlantique-vendee-et-anjou-maine\/"},"modified":"2022-12-05T15:40:38","modified_gmt":"2022-12-05T14:40:38","slug":"fusion-des-syndicats-des-postes-et-telecoms-atlantique-vendee-et-anjou-maine","status":"publish","type":"post","link":"https:\/\/cftc-syntec.fr\/testimport\/fusion-des-syndicats-des-postes-et-telecoms-atlantique-vendee-et-anjou-maine\/","title":{"rendered":"Fusion des syndicats des Postes et Telecoms Atlantique Vend\u00e9e et Anjou Maine"},"content":{"rendered":"<div class=\"elementor elementor-13375\">\n\t\t\t\t\t\t<div class=\"elementor-inner\">\n\t\t\t\t<div class=\"elementor-section-wrap\">\n\t\t\t\t\t\t\t\t\t<div class=\"elementor-container elementor-column-gap-default\">\n\t\t\t\t\t\t\t<div class=\"elementor-row\">\n\t\t\t\t\t<div class=\"elementor-column elementor-col-100 elementor-top-column elementor-element elementor-element-19efeb57\">\n\t\t\t<div class=\"elementor-column-wrap elementor-element-populated\">\n\t\t\t\t\t\t\t<div class=\"elementor-widget-wrap\">\n\t\t\t\t\t\t<div class=\"elementor-element elementor-element-1c9b5cd elementor-widget elementor-widget-text-editor\">\n\t\t\t\t<div class=\"elementor-widget-container\">\n\t\t\t\t\t\t\t\t<div class=\"elementor-text-editor elementor-clearfix\">\n\t\t\t\t\n<p>Le 24 novembre, les Syndicats CFTC des Postes et T\u00e9l\u00e9coms Atlantique Vend\u00e9e et Anjou Maine ont fusionn\u00e9 en Syndicat Postes et T\u00e9l\u00e9coms des Pays de Loire.<\/p>\n\n\n\n<p>Une nouvelle \u00e9quipe a \u00e9t\u00e9 \u00e9lue : <\/p>\n\n\n\n<p>L\u2019\u00e9quipe \u00e9lue\u00a0:<\/p>\n\n\n\n<p>Pr\u00e9sidente\u00a0\u00a0\u00a0\u00a0\u00a0\u00a0\u00a0\u00a0\u00a0\u00a0\u00a0\u00a0\u00a0\u00a0\u00a0\u00a0\u00a0\u00a0\u00a0\u00a0\u00a0\u00a0 Seynabou BOP KERBINIBIN<\/p>\n\n\n\n<p>Secr\u00e9taire\u00a0\u00a0\u00a0\u00a0\u00a0\u00a0\u00a0\u00a0\u00a0\u00a0\u00a0\u00a0\u00a0\u00a0\u00a0\u00a0\u00a0\u00a0\u00a0\u00a0\u00a0\u00a0\u00a0 Nathalie SEPRE<\/p>\n\n\n\n<p>Tr\u00e9sori\u00e8re\u00a0\u00a0\u00a0\u00a0\u00a0\u00a0\u00a0\u00a0\u00a0\u00a0\u00a0\u00a0\u00a0\u00a0\u00a0\u00a0\u00a0\u00a0\u00a0\u00a0\u00a0\u00a0\u00a0 Catherine BERBUTO<\/p>\n\n\n\n<p>Vice-Pr\u00e9sident\u00a0\u00a0\u00a0\u00a0\u00a0\u00a0\u00a0\u00a0\u00a0\u00a0\u00a0\u00a0\u00a0\u00a0\u00a0 St\u00e9phane GUERIN<\/p>\n\n\n\n<p>Secr\u00e9taire adjoint\u00a0\u00a0\u00a0\u00a0\u00a0\u00a0\u00a0\u00a0\u00a0 Thomas DEUDON<\/p>\n\n\n\n<p>Tr\u00e9sorier adjoint\u00a0\u00a0\u00a0\u00a0\u00a0\u00a0\u00a0\u00a0\u00a0\u00a0\u00a0 Jean-Samuel KOECHLIN<\/p>\n\n\n\n<p><\/p>\n\n\n\n<p>f\u00e9licitations \u00e0 la nouvelle \u00e9quipe ! <\/p>\n\t\t\t\t\t<\/div>\n\t\t\t\t\t\t<\/div>\n\t\t\t\t<\/div>\n\t\t\t\t\t\t<\/div>\n\t\t\t\t\t<\/div>\n\t\t<\/div>\n\t\t\t\t\t\t\t\t<\/div>\n\t\t\t\t\t<\/div>\n\t\t<div class=\"elementor-container elementor-column-gap-default\">\n\t\t\t\t\t\t\t<div class=\"elementor-row\">\n\t\t\t\t\t<div class=\"elementor-column elementor-col-100 elementor-top-column elementor-element elementor-element-fbb8d13\">\n\t\t\t<div class=\"elementor-column-wrap elementor-element-populated\">\n\t\t\t\t\t\t\t<div class=\"elementor-widget-wrap\">\n\t\t\t\t\t\t<div class=\"elementor-element elementor-element-74a624c elementor-widget elementor-widget-gallery\">\n\t\t\t\t<div class=\"elementor-widget-container\">\n\t\t\t\t\t<div class=\"elementor-gallery__container\">\n\t\t\t\t\t\t\t<a class=\"e-gallery-item elementor-gallery-item elementor-animated-content\" href=\"https:\/\/www.cftcmediaplus.fr\/wp-content\/uploads\/2022\/12\/318180641_2094888474041580_7542223750052258803_n.jpg\">\n\t\t\t\t\t<div class=\"e-gallery-image elementor-gallery-item__image\"><\/div>\n\t\t\t\t\t\t\t\t\t\t\t<div class=\"elementor-gallery-item__overlay\"><\/div>\n\t\t\t\t\t\t\t\t\t\t\t\t\t\t<\/a>\n\t\t\t\t\t\t\t<a class=\"e-gallery-item elementor-gallery-item elementor-animated-content\" href=\"https:\/\/www.cftcmediaplus.fr\/wp-content\/uploads\/2022\/12\/318068030_1106394213356300_1833824395803776810_n.jpg\">\n\t\t\t\t\t<div class=\"e-gallery-image elementor-gallery-item__image\"><\/div>\n\t\t\t\t\t\t\t\t\t\t\t<div class=\"elementor-gallery-item__overlay\"><\/div>\n\t\t\t\t\t\t\t\t\t\t\t\t\t\t<\/a>\n\t\t\t\t\t\t\t<a class=\"e-gallery-item elementor-gallery-item elementor-animated-content\" href=\"https:\/\/www.cftcmediaplus.fr\/wp-content\/uploads\/2022\/12\/318225022_545024113798892_5861645098203429844_n.jpg\">\n\t\t\t\t\t<div class=\"e-gallery-image elementor-gallery-item__image\"><\/div>\n\t\t\t\t\t\t\t\t\t\t\t<div class=\"elementor-gallery-item__overlay\"><\/div>\n\t\t\t\t\t\t\t\t\t\t\t\t\t\t<\/a>\n\t\t\t\t\t\t\t<a class=\"e-gallery-item elementor-gallery-item elementor-animated-content\" href=\"https:\/\/www.cftcmediaplus.fr\/wp-content\/uploads\/2022\/12\/318352008_1365916747490052_7380881530623702163_n.jpg\">\n\t\t\t\t\t<div class=\"e-gallery-image elementor-gallery-item__image\"><\/div>\n\t\t\t\t\t\t\t\t\t\t\t<div class=\"elementor-gallery-item__overlay\"><\/div>\n\t\t\t\t\t\t\t\t\t\t\t\t\t\t<\/a>\n\t\t\t\t\t<\/div>\n\t\t\t<\/div>\n\t\t\t\t<\/div>\n\t\t\t\t\t\t<\/div>\n\t\t\t\t\t<\/div>\n\t\t<\/div>\n\t\t\t\t\t\t\t\t<\/div>\n\t\t\t\t\t<\/div>\n\t\t<\/div>\n\t\t\t<\/div>\n\t\t\t\t\t<\/div>\n\t\t<p>L\u2019article <a href=\"https:\/\/www.cftcmediaplus.fr\/postes\/fusion-des-syndicats-des-postes-et-telecoms-atlantique-vendee-et-anjou-maine\/\">Fusion des syndicats des Postes et Telecoms Atlantique Vend\u00e9e et Anjou Maine<\/a> est apparu en premier sur <a href=\"https:\/\/www.cftcmediaplus.fr\/\">CFTC Media Plus<\/a>.<\/p>","protected":false},"excerpt":{"rendered":"<p>Le 24 novembre, les Syndicats CFTC des Postes et T\u00e9l\u00e9coms Atlantique Vend\u00e9e et Anjou Maine ont fusionn\u00e9 en Syndicat Postes et T\u00e9l\u00e9coms des Pays de Loire. Une nouvelle \u00e9quipe a \u00e9t\u00e9 \u00e9lue : L\u2019\u00e9quipe \u00e9lue\u00a0: Pr\u00e9sidente\u00a0\u00a0\u00a0\u00a0\u00a0\u00a0\u00a0\u00a0\u00a0\u00a0\u00a0\u00a0\u00a0\u00a0\u00a0\u00a0\u00a0\u00a0\u00a0\u00a0\u00a0\u00a0 Seynabou BOP KERBINIBIN Secr\u00e9taire\u00a0\u00a0\u00a0\u00a0\u00a0\u00a0\u00a0\u00a0\u00a0\u00a0\u00a0\u00a0\u00a0\u00a0\u00a0\u00a0\u00a0\u00a0\u00a0\u00a0\u00a0\u00a0\u00a0 Nathalie SEPRE Tr\u00e9sori\u00e8re\u00a0\u00a0\u00a0\u00a0\u00a0\u00a0\u00a0\u00a0\u00a0\u00a0\u00a0\u00a0\u00a0\u00a0\u00a0\u00a0\u00a0\u00a0\u00a0\u00a0\u00a0\u00a0\u00a0 Catherine BERBUTO Vice-Pr\u00e9sident\u00a0\u00a0\u00a0\u00a0\u00a0\u00a0\u00a0\u00a0\u00a0\u00a0\u00a0\u00a0\u00a0\u00a0\u00a0 St\u00e9phane GUERIN Secr\u00e9taire adjoint\u00a0\u00a0\u00a0\u00a0\u00a0\u00a0\u00a0\u00a0\u00a0 Thomas DEUDON Tr\u00e9sorier adjoint\u00a0\u00a0\u00a0\u00a0\u00a0\u00a0\u00a0\u00a0\u00a0\u00a0\u00a0 Jean-Samuel [&hellip;]<\/p>\n","protected":false},"author":0,"featured_media":0,"comment_status":"open","ping_status":"open","sticky":false,"template":"","format":"standard","meta":[],"categories":[1],"tags":[],"_links":{"self":[{"href":"https:\/\/cftc-syntec.fr\/testimport\/wp-json\/wp\/v2\/posts\/4578"}],"collection":[{"href":"https:\/\/cftc-syntec.fr\/testimport\/wp-json\/wp\/v2\/posts"}],"about":[{"href":"https:\/\/cftc-syntec.fr\/testimport\/wp-json\/wp\/v2\/types\/post"}],"replies":[{"embeddable":true,"href":"https:\/\/cftc-syntec.fr\/testimport\/wp-json\/wp\/v2\/comments?post=4578"}],"version-history":[{"count":0,"href":"https:\/\/cftc-syntec.fr\/testimport\/wp-json\/wp\/v2\/posts\/4578\/revisions"}],"wp:attachment":[{"href":"https:\/\/cftc-syntec.fr\/testimport\/wp-json\/wp\/v2\/media?parent=4578"}],"wp:term":[{"taxonomy":"category","embeddable":true,"href":"https:\/\/cftc-syntec.fr\/testimport\/wp-json\/wp\/v2\/categories?post=4578"},{"taxonomy":"post_tag","embeddable":true,"href":"https:\/\/cftc-syntec.fr\/testimport\/wp-json\/wp\/v2\/tags?post=4578"}],"curies":[{"name":"wp","href":"https:\/\/api.w.org\/{rel}","templated":true}]}}