{"id":4579,"date":"2022-12-05T15:40:38","date_gmt":"2022-12-05T14:40:38","guid":{"rendered":"https:\/\/cftc-syntec.fr\/testimport\/greve-des-salaries-de-socotec\/"},"modified":"2022-12-05T15:40:38","modified_gmt":"2022-12-05T14:40:38","slug":"greve-des-salaries-de-socotec","status":"publish","type":"post","link":"https:\/\/cftc-syntec.fr\/testimport\/greve-des-salaries-de-socotec\/","title":{"rendered":"Gr\u00e8ve des salari\u00e9s de Socotec"},"content":{"rendered":"<p>\u00c0 Saint-Herblain, les salari\u00e9s de Socotec (sp\u00e9cialis\u00e9e dans la gestion des risques et l\u2019inspection des constructions) sont en gr\u00e8ve pour am\u00e9liorer leurs conditions de travail.<\/p>\n<p>\u200bLes syndicats de l\u2019entreprise Socotec ont appel\u00e9 \u00e0 la gr\u00e8ve, les mardi 29 et mercredi 30 novembre. Une mobilisation pour d\u00e9noncer une d\u00e9gradation des conditions de travail et exiger \u00ab un vrai partage des richesses \u00bb.<\/p>\n<p>Les organisations en intersyndicale, dont la CFTC, d\u00e9noncent des plans de licenciement r\u00e9guliers, des d\u00e9gradations des conditions de travail, des arr\u00eats de maladie r\u00e9guliers\u2026 Elles pointent aussi une surcharge de travail et une perte du collectif de travail.<\/p>\n<p>L\u2019article <a href=\"https:\/\/www.cftcmediaplus.fr\/numerique\/greve-des-salaries-de-socotec\/\">Gr\u00e8ve des salari\u00e9s de Socotec<\/a> est apparu en premier sur <a href=\"https:\/\/www.cftcmediaplus.fr\/\">CFTC Media Plus<\/a>.<\/p>\n","protected":false},"excerpt":{"rendered":"<p>\u00c0 Saint-Herblain, les salari\u00e9s de Socotec (sp\u00e9cialis\u00e9e dans la gestion des risques et l\u2019inspection des constructions) sont en gr\u00e8ve pour am\u00e9liorer leurs conditions de travail. \u200bLes syndicats de l\u2019entreprise Socotec ont appel\u00e9 \u00e0 la gr\u00e8ve, les mardi 29 et mercredi 30 novembre. Une mobilisation pour d\u00e9noncer une d\u00e9gradation des conditions de travail et exiger \u00ab [&hellip;]<\/p>\n","protected":false},"author":0,"featured_media":0,"comment_status":"open","ping_status":"open","sticky":false,"template":"","format":"standard","meta":[],"categories":[1],"tags":[],"_links":{"self":[{"href":"https:\/\/cftc-syntec.fr\/testimport\/wp-json\/wp\/v2\/posts\/4579"}],"collection":[{"href":"https:\/\/cftc-syntec.fr\/testimport\/wp-json\/wp\/v2\/posts"}],"about":[{"href":"https:\/\/cftc-syntec.fr\/testimport\/wp-json\/wp\/v2\/types\/post"}],"replies":[{"embeddable":true,"href":"https:\/\/cftc-syntec.fr\/testimport\/wp-json\/wp\/v2\/comments?post=4579"}],"version-history":[{"count":0,"href":"https:\/\/cftc-syntec.fr\/testimport\/wp-json\/wp\/v2\/posts\/4579\/revisions"}],"wp:attachment":[{"href":"https:\/\/cftc-syntec.fr\/testimport\/wp-json\/wp\/v2\/media?parent=4579"}],"wp:term":[{"taxonomy":"category","embeddable":true,"href":"https:\/\/cftc-syntec.fr\/testimport\/wp-json\/wp\/v2\/categories?post=4579"},{"taxonomy":"post_tag","embeddable":true,"href":"https:\/\/cftc-syntec.fr\/testimport\/wp-json\/wp\/v2\/tags?post=4579"}],"curies":[{"name":"wp","href":"https:\/\/api.w.org\/{rel}","templated":true}]}}