{"id":4580,"date":"2022-12-05T15:40:39","date_gmt":"2022-12-05T14:40:39","guid":{"rendered":"https:\/\/cftc-syntec.fr\/testimport\/greve-nationale-chez-sfrd\/"},"modified":"2022-12-05T15:40:39","modified_gmt":"2022-12-05T14:40:39","slug":"greve-nationale-chez-sfrd","status":"publish","type":"post","link":"https:\/\/cftc-syntec.fr\/testimport\/greve-nationale-chez-sfrd\/","title":{"rendered":"Gr\u00e8ve nationale chez SFRD"},"content":{"rendered":"<p>Chez SFR Distribution, la direction propose 0% d\u2019augmentation collective alors que l\u2019inflation \u00e0 date est de 6,6% et pr\u00e9voit toujours de monter dans les semaines \u00e0 venir !<\/p>\n<p>Pour ne pas laisser la direction fermer les yeux sur notre r\u00e9alit\u00e9 et pouvoir d\u2019achat, la CFTC a appel\u00e9 tous les salari\u00e9s \u00e0 se mobiliser le 1er d\u00e9cembre 2022 afin de d\u00e9fendre nos droits, notre pouvoir d\u2019achat, et la reconnaissance de notre travail.<\/p>\n<p>L\u2019article <a href=\"https:\/\/www.cftcmediaplus.fr\/telecoms\/greve-nationale-chez-sfrd\/\">Gr\u00e8ve nationale chez SFRD<\/a> est apparu en premier sur <a href=\"https:\/\/www.cftcmediaplus.fr\/\">CFTC Media Plus<\/a>.<\/p>\n","protected":false},"excerpt":{"rendered":"<p>Chez SFR Distribution, la direction propose 0% d\u2019augmentation collective alors que l\u2019inflation \u00e0 date est de 6,6% et pr\u00e9voit toujours de monter dans les semaines \u00e0 venir ! Pour ne pas laisser la direction fermer les yeux sur notre r\u00e9alit\u00e9 et pouvoir d\u2019achat, la CFTC a appel\u00e9 tous les salari\u00e9s \u00e0 se mobiliser le 1er [&hellip;]<\/p>\n","protected":false},"author":0,"featured_media":0,"comment_status":"open","ping_status":"open","sticky":false,"template":"","format":"standard","meta":[],"categories":[1],"tags":[],"_links":{"self":[{"href":"https:\/\/cftc-syntec.fr\/testimport\/wp-json\/wp\/v2\/posts\/4580"}],"collection":[{"href":"https:\/\/cftc-syntec.fr\/testimport\/wp-json\/wp\/v2\/posts"}],"about":[{"href":"https:\/\/cftc-syntec.fr\/testimport\/wp-json\/wp\/v2\/types\/post"}],"replies":[{"embeddable":true,"href":"https:\/\/cftc-syntec.fr\/testimport\/wp-json\/wp\/v2\/comments?post=4580"}],"version-history":[{"count":0,"href":"https:\/\/cftc-syntec.fr\/testimport\/wp-json\/wp\/v2\/posts\/4580\/revisions"}],"wp:attachment":[{"href":"https:\/\/cftc-syntec.fr\/testimport\/wp-json\/wp\/v2\/media?parent=4580"}],"wp:term":[{"taxonomy":"category","embeddable":true,"href":"https:\/\/cftc-syntec.fr\/testimport\/wp-json\/wp\/v2\/categories?post=4580"},{"taxonomy":"post_tag","embeddable":true,"href":"https:\/\/cftc-syntec.fr\/testimport\/wp-json\/wp\/v2\/tags?post=4580"}],"curies":[{"name":"wp","href":"https:\/\/api.w.org\/{rel}","templated":true}]}}