{"id":4590,"date":"2022-12-14T11:19:47","date_gmt":"2022-12-14T10:19:47","guid":{"rendered":"https:\/\/cftc-syntec.fr\/testimport\/elections-cap-ccp-la-poste\/"},"modified":"2022-12-14T11:19:47","modified_gmt":"2022-12-14T10:19:47","slug":"elections-cap-ccp-la-poste","status":"publish","type":"post","link":"https:\/\/cftc-syntec.fr\/testimport\/elections-cap-ccp-la-poste\/","title":{"rendered":"Elections CAP\/CCP La Poste"},"content":{"rendered":"<p>Les r\u00e9sultats des \u00e9lections CCP &amp; CAP de la liste commune CFE-CGC \/ CFTC sont en nette progression : 9,21%, avec une progression locale de 2,51%. <\/p>\n<\/p>\n<p>Ces bons r\u00e9sultats sont \u00e0 mettre au b\u00e9n\u00e9fice de toutes les \u00e9quipes de la CFTC, des militantes et militants qui n\u2019ont pas m\u00e9nag\u00e9 leurs efforts durant toute la campagne.<\/p>\n<\/p>\n<p>Ces r\u00e9sultats positifs encouragent toutes nos \u00e9quipes \u00e0 poursuivre notre engagement pour la d\u00e9fense de vos droits et vous proposer un service de qualit\u00e9 et de proximit\u00e9.<\/p>\n<p>En 2022 on est l\u00e0 ! En 2023 on sera l\u00e0 !<\/p>\n<\/p>\n<p>Les 2 points \u00e0 retenir : <\/p>\n<\/p>\n<p>\u25a0 Une progression historique de la CFTC qui prouve que notre vision est juste et sert les int\u00e9r\u00eats des salari\u00e9s de La Poste.<br \/>\u25a0 Nous sommes fiers que les valeurs de la CFTC, l\u2019humain avant tout, la proximit\u00e9, l\u2019entraide soient partag\u00e9es par un grand nombre de posti\u00e8res et de postiers<\/p>\n<\/p>\n<p>Merci \u00e0 toutes et \u00e0 tous ! <\/p>\n<p>L\u2019article <a href=\"https:\/\/www.cftcmediaplus.fr\/postes\/elections-cap-ccp-la-poste\/\">Elections CAP\/CCP La Poste<\/a> est apparu en premier sur <a href=\"https:\/\/www.cftcmediaplus.fr\/\">CFTC Media Plus<\/a>.<\/p>\n","protected":false},"excerpt":{"rendered":"<p>Les r\u00e9sultats des \u00e9lections CCP &amp; CAP de la liste commune CFE-CGC \/ CFTC sont en nette progression : 9,21%, avec une progression locale de 2,51%. Ces bons r\u00e9sultats sont \u00e0 mettre au b\u00e9n\u00e9fice de toutes les \u00e9quipes de la CFTC, des militantes et militants qui n\u2019ont pas m\u00e9nag\u00e9 leurs efforts durant toute la campagne. [&hellip;]<\/p>\n","protected":false},"author":0,"featured_media":0,"comment_status":"open","ping_status":"open","sticky":false,"template":"","format":"standard","meta":[],"categories":[1],"tags":[],"_links":{"self":[{"href":"https:\/\/cftc-syntec.fr\/testimport\/wp-json\/wp\/v2\/posts\/4590"}],"collection":[{"href":"https:\/\/cftc-syntec.fr\/testimport\/wp-json\/wp\/v2\/posts"}],"about":[{"href":"https:\/\/cftc-syntec.fr\/testimport\/wp-json\/wp\/v2\/types\/post"}],"replies":[{"embeddable":true,"href":"https:\/\/cftc-syntec.fr\/testimport\/wp-json\/wp\/v2\/comments?post=4590"}],"version-history":[{"count":0,"href":"https:\/\/cftc-syntec.fr\/testimport\/wp-json\/wp\/v2\/posts\/4590\/revisions"}],"wp:attachment":[{"href":"https:\/\/cftc-syntec.fr\/testimport\/wp-json\/wp\/v2\/media?parent=4590"}],"wp:term":[{"taxonomy":"category","embeddable":true,"href":"https:\/\/cftc-syntec.fr\/testimport\/wp-json\/wp\/v2\/categories?post=4590"},{"taxonomy":"post_tag","embeddable":true,"href":"https:\/\/cftc-syntec.fr\/testimport\/wp-json\/wp\/v2\/tags?post=4590"}],"curies":[{"name":"wp","href":"https:\/\/api.w.org\/{rel}","templated":true}]}}