{"id":4591,"date":"2022-12-14T11:19:47","date_gmt":"2022-12-14T10:19:47","guid":{"rendered":"https:\/\/cftc-syntec.fr\/testimport\/orange-elections-cap-ccp\/"},"modified":"2022-12-14T11:19:47","modified_gmt":"2022-12-14T10:19:47","slug":"orange-elections-cap-ccp","status":"publish","type":"post","link":"https:\/\/cftc-syntec.fr\/testimport\/orange-elections-cap-ccp\/","title":{"rendered":"Orange : Elections CAP \u2013 CCP"},"content":{"rendered":"<\/p>\n<p>Les r\u00e9sultats des \u00e9lections CAP \u2013 CCP qui ont eu lieu du 5 au 8 d\u00e9cembre \u00a0ont confirm\u00e9 la liste d\u2019alliance CFTC\/CFE-CGC. C\u2019est pour nous, la CFTC, un socle de confiance et de l\u00e9gitimit\u00e9, et plus encore de responsabilit\u00e9.<\/p>\n<p>La CFTC remercie l\u2019ensemble des salari\u00e9(e)(s) qui ont pris le temps de voter, bien au-del\u00e0 du taux de participation, d\u00e9montrant ainsi leur int\u00e9r\u00eat pour nos valeurs.<\/p>\n<p>Gr\u00e2ce \u00e0 vos voix, la CFTC aura 4 repr\u00e9sentants dans les commissions paritaires : <\/p>\n<p>2 en CAP, Commission Paritaire Administrative, r\u00e9serv\u00e9es aux fonctionnaires, un au niveau Cadre, l\u2019autre au niveau Cadre sup\u00e9rieur.<br \/>\n2 en CCP, Commission Consultative Paritaire pour les salari\u00e9s contractuels, un au niveau Non-Cadre et un au niveau Cadre.<\/p>\n<p>Nos \u00e9lus, mesurent \u00e0 la fois l\u2019honneur qui leur est fait, mais \u00e9galement l\u2019importance et la responsabilit\u00e9 qui leur incombent pour accompagner et d\u00e9fendre les personnes passant devant ces commissions<\/p>\n<p>Merci encore \u00e0 toutes et \u00e0 tous, \u00e9lecteurs, militants, sympathisants pour votre soutien. <\/p>\n<\/p>\n<p>Nous mettons notre \u00e9nergie et toute notre d\u00e9termination pour mener \u00e0 bien notre r\u00f4le au sein de ces commissions.<\/p>\n<p>L\u2019article <a href=\"https:\/\/www.cftcmediaplus.fr\/telecoms\/orange-elections-cap-ccp\/\">Orange : Elections CAP \u2013 CCP<\/a> est apparu en premier sur <a href=\"https:\/\/www.cftcmediaplus.fr\/\">CFTC Media Plus<\/a>.<\/p>\n","protected":false},"excerpt":{"rendered":"<p>Les r\u00e9sultats des \u00e9lections CAP \u2013 CCP qui ont eu lieu du 5 au 8 d\u00e9cembre \u00a0ont confirm\u00e9 la liste d\u2019alliance CFTC\/CFE-CGC. C\u2019est pour nous, la CFTC, un socle de confiance et de l\u00e9gitimit\u00e9, et plus encore de responsabilit\u00e9. La CFTC remercie l\u2019ensemble des salari\u00e9(e)(s) qui ont pris le temps de voter, bien au-del\u00e0 du [&hellip;]<\/p>\n","protected":false},"author":0,"featured_media":0,"comment_status":"open","ping_status":"open","sticky":false,"template":"","format":"standard","meta":[],"categories":[1],"tags":[],"_links":{"self":[{"href":"https:\/\/cftc-syntec.fr\/testimport\/wp-json\/wp\/v2\/posts\/4591"}],"collection":[{"href":"https:\/\/cftc-syntec.fr\/testimport\/wp-json\/wp\/v2\/posts"}],"about":[{"href":"https:\/\/cftc-syntec.fr\/testimport\/wp-json\/wp\/v2\/types\/post"}],"replies":[{"embeddable":true,"href":"https:\/\/cftc-syntec.fr\/testimport\/wp-json\/wp\/v2\/comments?post=4591"}],"version-history":[{"count":0,"href":"https:\/\/cftc-syntec.fr\/testimport\/wp-json\/wp\/v2\/posts\/4591\/revisions"}],"wp:attachment":[{"href":"https:\/\/cftc-syntec.fr\/testimport\/wp-json\/wp\/v2\/media?parent=4591"}],"wp:term":[{"taxonomy":"category","embeddable":true,"href":"https:\/\/cftc-syntec.fr\/testimport\/wp-json\/wp\/v2\/categories?post=4591"},{"taxonomy":"post_tag","embeddable":true,"href":"https:\/\/cftc-syntec.fr\/testimport\/wp-json\/wp\/v2\/tags?post=4591"}],"curies":[{"name":"wp","href":"https:\/\/api.w.org\/{rel}","templated":true}]}}