{"id":4596,"date":"2022-12-20T14:20:10","date_gmt":"2022-12-20T13:20:10","guid":{"rendered":"https:\/\/cftc-syntec.fr\/testimport\/changer-de-metier-se-reconvertir-le-forum-de-la-cftc-media\/"},"modified":"2022-12-20T14:20:10","modified_gmt":"2022-12-20T13:20:10","slug":"changer-de-metier-se-reconvertir-le-forum-de-la-cftc-media","status":"publish","type":"post","link":"https:\/\/cftc-syntec.fr\/testimport\/changer-de-metier-se-reconvertir-le-forum-de-la-cftc-media\/","title":{"rendered":"CHANGER DE M\u00c9TIER, SE RECONVERTIR ?LE FORUM DE LA CFTC MEDIA+"},"content":{"rendered":"<p class=\"has-background\">Le 4 octobre 2022 la F\u00e9d\u00e9ration CFTC Media+ a organis\u00e9 le forum Formation Professionnelle et Reconversion.<\/p>\n<p class=\"has-background\">Changer de m\u00e9tier n\u2019est pas chose facile. Plusieurs intervenants sont venus faire b\u00e9n\u00e9ficier nos militants de leur expertise. Ils ont r\u00e9pondu aux interrogations suivantes : Qu\u2019est-ce que la reconversion ? Quelles sont les possibilit\u00e9s de financement ? Quels sont les dispositifs \u00e0 disposition ?<\/p>\n<p class=\"has-background\">Nos invit\u00e9s :<br \/>\u2022 Maxime Dumont, chef de fil conf\u00e9d\u00e9ral CFTC formation professionnelle et apprentissage<br \/>\u2022 Thierry Teboul, directeur g\u00e9n\u00e9ral de l\u2019Opco Afdas<br \/>\u2022 Annie Cerbelle, responsable du P\u00f4le analyse, commission, r\u00e9f\u00e9rentiel et am\u00e9lioration continue chez transition Pro IDF.<br \/>\u2022 Nathalie Nagel du cabinet Tandem Expertise. <\/p>\n<p>L\u2019article <a href=\"https:\/\/www.cftcmediaplus.fr\/federation\/changer-de-metier-se-reconvertir-le-forum-de-la-cftc-media\/\">CHANGER DE M\u00c9TIER, SE RECONVERTIR ?&lt;br&gt;LE FORUM DE LA CFTC MEDIA+<\/a> est apparu en premier sur <a href=\"https:\/\/www.cftcmediaplus.fr\/\">CFTC Media Plus<\/a>.<\/p>\n","protected":false},"excerpt":{"rendered":"<p>Le 4 octobre 2022 la F\u00e9d\u00e9ration CFTC Media+ a organis\u00e9 le forum Formation Professionnelle et Reconversion. Changer de m\u00e9tier n\u2019est pas chose facile. Plusieurs intervenants sont venus faire b\u00e9n\u00e9ficier nos militants de leur expertise. Ils ont r\u00e9pondu aux interrogations suivantes : Qu\u2019est-ce que la reconversion ? Quelles sont les possibilit\u00e9s de financement ? Quels sont [&hellip;]<\/p>\n","protected":false},"author":0,"featured_media":0,"comment_status":"open","ping_status":"open","sticky":false,"template":"","format":"standard","meta":[],"categories":[1],"tags":[],"_links":{"self":[{"href":"https:\/\/cftc-syntec.fr\/testimport\/wp-json\/wp\/v2\/posts\/4596"}],"collection":[{"href":"https:\/\/cftc-syntec.fr\/testimport\/wp-json\/wp\/v2\/posts"}],"about":[{"href":"https:\/\/cftc-syntec.fr\/testimport\/wp-json\/wp\/v2\/types\/post"}],"replies":[{"embeddable":true,"href":"https:\/\/cftc-syntec.fr\/testimport\/wp-json\/wp\/v2\/comments?post=4596"}],"version-history":[{"count":0,"href":"https:\/\/cftc-syntec.fr\/testimport\/wp-json\/wp\/v2\/posts\/4596\/revisions"}],"wp:attachment":[{"href":"https:\/\/cftc-syntec.fr\/testimport\/wp-json\/wp\/v2\/media?parent=4596"}],"wp:term":[{"taxonomy":"category","embeddable":true,"href":"https:\/\/cftc-syntec.fr\/testimport\/wp-json\/wp\/v2\/categories?post=4596"},{"taxonomy":"post_tag","embeddable":true,"href":"https:\/\/cftc-syntec.fr\/testimport\/wp-json\/wp\/v2\/tags?post=4596"}],"curies":[{"name":"wp","href":"https:\/\/api.w.org\/{rel}","templated":true}]}}