{"id":4601,"date":"2022-12-21T18:19:46","date_gmt":"2022-12-21T17:19:46","guid":{"rendered":"https:\/\/cftc-syntec.fr\/testimport\/lannee-des-pour-les-formations-cftc-media\/"},"modified":"2022-12-21T18:19:46","modified_gmt":"2022-12-21T17:19:46","slug":"lannee-des-pour-les-formations-cftc-media","status":"publish","type":"post","link":"https:\/\/cftc-syntec.fr\/testimport\/lannee-des-pour-les-formations-cftc-media\/","title":{"rendered":"L\u2019ANN\u00c9E DES + POUR LES FORMATIONS CFTC MEDIA+"},"content":{"rendered":"<p class=\"has-background\">Ensemble, faisons de 2023 l\u2019ann\u00e9e des <strong>+<\/strong>. Le p\u00f4le Formation de la F\u00e9d\u00e9ration CFTC Media <strong>+<\/strong> reste \u00e0 vos c\u00f4t\u00e9s pour affronter les d\u00e9fis pr\u00e9sents et \u00e0 venir, et vous pr\u00e9sente son plan annuel pour 2023.<\/p>\n<\/p>\n<p><strong>+ de FIME<\/strong> (Formation initiale que tout adh\u00e9rent doit<br \/>faire au moins une fois). Pour r\u00e9pondre \u00e0 la demande de<br \/>nos adh\u00e9rents et leur permettre d\u2019acqu\u00e9rir les valeurs et la<br \/>culture CFTC.<\/p>\n<p><strong>+ de formations<\/strong> \u201c\u00e9lections professionnelles\u201d pour<br \/>gagner les \u00e9lections dans vos entreprises et renforcer notre<br \/>repr\u00e9sentativit\u00e9.<\/p>\n<p><strong>+ de webinaires<\/strong>. Ce format interactif, facile \u00e0 mettre<br \/>en \u0153uvre permet de se former rapidement et d\u2019acqu\u00e9rir<br \/>des ressources sur un th\u00e8me pr\u00e9cis, sans contrainte de<br \/>d\u00e9placement, ni perte de temps.<\/p>\n<p><strong>+ de formateurs.<\/strong> Nous mettrons l\u2019accent sur la<br \/>formation de nouveaux formateurs et leur mont\u00e9e en<br \/>comp\u00e9tence avec l\u2019aide de nos formateurs aguerris afin de<br \/>renforcer nos forces vives.<\/p>\n<p><strong>+ de confort, + de convivialit\u00e9, + d\u2019innovations.<\/strong><br \/>Cette ann\u00e9e, nous avons repens\u00e9 notre organisation. Les<br \/>tables des salles 8 et 5 sont d\u00e9sormais individuelles, plus<br \/>confortables et modulables. Le nombre de cafeti\u00e8res<br \/>et bouilloires a \u00e9t\u00e9 doubl\u00e9, et de nouveaux restaurants<br \/>permettront de diversifier la pause d\u00e9jeuner.<br \/>En 2023, notre objectif est d\u2019am\u00e9liorer le confort<br \/>des stagiaires. Des pat\u00e8res accueilleront les vestes et<br \/>manteaux. Les \u00e9crans et les c\u00e2blages seront repens\u00e9s pour<br \/>une meilleure visibilit\u00e9 des supports de formation. Ceux<br \/>existants, en place depuis 12 ans, sont obsol\u00e8tes\u2026<\/p>\n<p><strong>+ d\u2019adh\u00e9rents form\u00e9s.<\/strong> Inscrivez vous \u00e0 nos formations<br \/>sur notre site www.cftcmediaplus.fr\/ La formation<br \/>syndicale est un droit pour tout salari\u00e9. Pensez \u00e0 utiliser<br \/>les 12 jours de cong\u00e9s formation par an dont vous disposez<br \/>(dur\u00e9e port\u00e9e \u00e0 18 jours pour les salari\u00e9s exer\u00e7ant des<br \/>responsabilit\u00e9s syndicales ou animant des formations).<\/p>\n<p>Le but des formations syndicales est de vous aider \u00e0 :<br \/>\u2022 Vous impr\u00e9gner de la culture CFTC,<br \/>\u2022 Appr\u00e9hender le d\u00e9veloppement, la repr\u00e9sentativit\u00e9,<br \/>\u2022 Constituer un r\u00e9seau, et d\u00e9velopper la coh\u00e9sion syndicale, l\u2019entraide,<br \/>\u2022 Acqu\u00e9rir les comp\u00e9tences n\u00e9cessaires au bon accomplissement de vos missions pr\u00e9sentes et \u00e0 venir\u2026<\/p>\n<p>Que vous ayez besoin de connaissances sur un sujet pr\u00e9cis ou que vous souhaitiez suivre un parcours sur une th\u00e9matique, l\u2019offre de formation saura r\u00e9pondre \u00e0 vos attentes.<\/p>\n<p><strong>Le calendrier des formations 2023<\/strong> vous guidera dans vos choix. <\/p>\n<p><a href=\"https:\/\/www.cftcmediaplus.fr\/wp-content\/uploads\/2022\/12\/PLAN-DE-FORMATION.pdf\">https:\/\/www.cftcmediaplus.fr\/wp-content\/uploads\/2022\/12\/PLAN-DE-FORMATION.pdf<\/a><\/p>\n<p>D\u2019autres formations viendront compl\u00e9ter, au fil des mois, la diversit\u00e9 de nos propositions. Restez attentifs \u00e0 vos mails et pensez \u00e0 consulter r\u00e9guli\u00e8rement notre site  <a href=\"https:\/\/www.cftcmediaplus.fr\/\">https:\/\/www.cftcmediaplus.fr\/<\/a> ou encore + de nouveaut\u00e9s vous attendent en 2023\u2026<\/p>\n<p>Le p\u00f4le Formation <strong>formation@cftcmediaplus.fr<\/strong> est \u00e0 votre service pour vous aider et vous guider dans vos choix et vos parcours et r\u00e9pondre \u00e0 toutes vos questions p\u00e9dagogiques, administratives et logistiques.<\/p>\n<p> Au plaisir de vous voir lors de votre prochaine venue \u00e0 nos formations.<\/p>\n<\/p>\n<p>L\u2019article <a href=\"https:\/\/www.cftcmediaplus.fr\/federation\/lannee-des-pour-les-formations-cftc-media\/\">L\u2019ANN\u00c9E DES + POUR LES FORMATIONS CFTC MEDIA+<\/a> est apparu en premier sur <a href=\"https:\/\/www.cftcmediaplus.fr\/\">CFTC Media Plus<\/a>.<\/p>\n","protected":false},"excerpt":{"rendered":"<p>Ensemble, faisons de 2023 l\u2019ann\u00e9e des +. Le p\u00f4le Formation de la F\u00e9d\u00e9ration CFTC Media + reste \u00e0 vos c\u00f4t\u00e9s pour affronter les d\u00e9fis pr\u00e9sents et \u00e0 venir, et vous pr\u00e9sente son plan annuel pour 2023. + de FIME (Formation initiale que tout adh\u00e9rent doitfaire au moins une fois). Pour r\u00e9pondre \u00e0 la demande denos [&hellip;]<\/p>\n","protected":false},"author":0,"featured_media":0,"comment_status":"open","ping_status":"open","sticky":false,"template":"","format":"standard","meta":[],"categories":[1],"tags":[],"_links":{"self":[{"href":"https:\/\/cftc-syntec.fr\/testimport\/wp-json\/wp\/v2\/posts\/4601"}],"collection":[{"href":"https:\/\/cftc-syntec.fr\/testimport\/wp-json\/wp\/v2\/posts"}],"about":[{"href":"https:\/\/cftc-syntec.fr\/testimport\/wp-json\/wp\/v2\/types\/post"}],"replies":[{"embeddable":true,"href":"https:\/\/cftc-syntec.fr\/testimport\/wp-json\/wp\/v2\/comments?post=4601"}],"version-history":[{"count":0,"href":"https:\/\/cftc-syntec.fr\/testimport\/wp-json\/wp\/v2\/posts\/4601\/revisions"}],"wp:attachment":[{"href":"https:\/\/cftc-syntec.fr\/testimport\/wp-json\/wp\/v2\/media?parent=4601"}],"wp:term":[{"taxonomy":"category","embeddable":true,"href":"https:\/\/cftc-syntec.fr\/testimport\/wp-json\/wp\/v2\/categories?post=4601"},{"taxonomy":"post_tag","embeddable":true,"href":"https:\/\/cftc-syntec.fr\/testimport\/wp-json\/wp\/v2\/tags?post=4601"}],"curies":[{"name":"wp","href":"https:\/\/api.w.org\/{rel}","templated":true}]}}