{"id":4602,"date":"2022-12-22T10:20:49","date_gmt":"2022-12-22T09:20:49","guid":{"rendered":"https:\/\/cftc-syntec.fr\/testimport\/les-telecoms-face-aux-enjeux-environnementaux\/"},"modified":"2022-12-22T10:20:49","modified_gmt":"2022-12-22T09:20:49","slug":"les-telecoms-face-aux-enjeux-environnementaux","status":"publish","type":"post","link":"https:\/\/cftc-syntec.fr\/testimport\/les-telecoms-face-aux-enjeux-environnementaux\/","title":{"rendered":"LES T\u00c9L\u00c9COMS FACE AUX ENJEUX ENVIRONNEMENTAUX"},"content":{"rendered":"<p class=\"has-background\"><strong>La CFTC \u00e9tait pr\u00e9sente \u00e0 la conf\u00e9rence organis\u00e9e, le 16 novembre, par l\u2019Observatoire des m\u00e9tiers des t\u00e9l\u00e9communications. L\u2019occasion de faire le point sur les m\u00e9tiers \u00e9mergents et sur les nouvelles comp\u00e9tences environnementales pour prot\u00e9ger la plan\u00e8te.<\/strong><\/p>\n<p>L\u2019Observatoire des m\u00e9tiers des t\u00e9l\u00e9coms est, au sens du code du travail, un OPMQ (observatoire prospectif des m\u00e9tiers et des qualifications). Son statut, son fonctionnement et son financement ont \u00e9t\u00e9 d\u00e9finis par un accord de branche datant d\u2019avril 2002.<\/p>\n<p class=\"has-text-align-left\">L\u2019observatoire, instance paritaire, assure une mission de veille prospective sur l\u2019\u00e9volution des m\u00e9tiers et des comp\u00e9tences dans la branche. Il est ainsi un outil au service de la CPNE de la branche, des entreprises et de leurs salari\u00e9s. Dans ce cadre, l\u2019instance tient \u00e0 jour la cartographie des m\u00e9tiers et des comp\u00e9tences pr\u00e9sents dans les t\u00e9l\u00e9coms (www.metiers-telecoms.org\/cartographie) et r\u00e9alise des \u00e9tudes prospectives (www.metiers-telecoms.org\/etudes) portant le plus souvent sur la mani\u00e8re dont les m\u00e9tiers dans la branche vont ou peuvent \u00e9voluer dans un futur plus ou moins proche. La feuille de route des travaux de l\u2019observatoire est d\u00e9finie de mani\u00e8re triennale via la n\u00e9gociation d\u2019un accord de branche par les partenaires sociaux.<\/p>\n<p>Le 16 novembre, lors de la conf\u00e9rence \u201cEngagements environnementaux et m\u00e9tiers des t\u00e9l\u00e9coms\u201d a \u00e9t\u00e9<br \/>pr\u00e9sent\u00e9e, en avant-premi\u00e8re, l\u2019\u00e9tude du m\u00eame nom. Cette \u00e9tude, prochainement disponible sur le site de l\u2019observatoire, fait le point sur les m\u00e9tiers \u00e9mergents et sur les nouvelles comp\u00e9tences environnementales associ\u00e9es \u00e0 ceux d\u00e9j\u00e0 existants.<\/p>\n<p>Les t\u00e9l\u00e9coms et le num\u00e9rique au sens large sont de gros consommateurs d\u2019\u00e9nergie et de mati\u00e8re premi\u00e8re. En France, les \u00e9quipements et infrastructures num\u00e9riques repr\u00e9sentent aujourd\u2019hui 10% de la consommation \u00e9lectrique totale et 2,5% de l\u2019empreinte carbone.<\/p>\n<p>Les entreprises des t\u00e9l\u00e9coms sont bien conscientes de ces enjeux. Si aujourd\u2019hui, il existe quelques nouveaux m\u00e9tiers comme responsable environnement, responsable \u00e9nergie ou responsable climat, ceux-ci repr\u00e9sentent seulement quelques emplois de haut niveau. Tous les autres (du marketing au d\u00e9veloppement en passant par les achats et la logistique) vont devoir acqu\u00e9rir de nouvelles comp\u00e9tences afin de proposer des appareils, des infrastructures et des applications faisant preuve de sobri\u00e9t\u00e9 \u00e9nerg\u00e9tique et favorisant l\u2019\u00e9conomie circulaire.<\/p>\n<p>Des actions concr\u00e8tes existent d\u00e9j\u00e0 comme la vente de t\u00e9l\u00e9phones reconditionn\u00e9s. N\u00e9anmoins, les entreprises continuent \u00e0 promouvoir des forfaits illimit\u00e9s et \u00e0 nous inciter \u00e0 acheter le dernier portable sorti. Pour sauver la plan\u00e8te, comptons d\u2019abord sur nous-m\u00eames en \u00e9tant des consommateurs responsables.<\/p>\n<\/p>\n<p>L\u2019article <a href=\"https:\/\/www.cftcmediaplus.fr\/telecoms\/les-telecoms-face-aux-enjeux-environnementaux\/\">LES T\u00c9L\u00c9COMS FACE AUX ENJEUX ENVIRONNEMENTAUX<\/a> est apparu en premier sur <a href=\"https:\/\/www.cftcmediaplus.fr\/\">CFTC Media Plus<\/a>.<\/p>\n","protected":false},"excerpt":{"rendered":"<p>La CFTC \u00e9tait pr\u00e9sente \u00e0 la conf\u00e9rence organis\u00e9e, le 16 novembre, par l\u2019Observatoire des m\u00e9tiers des t\u00e9l\u00e9communications. L\u2019occasion de faire le point sur les m\u00e9tiers \u00e9mergents et sur les nouvelles comp\u00e9tences environnementales pour prot\u00e9ger la plan\u00e8te. L\u2019Observatoire des m\u00e9tiers des t\u00e9l\u00e9coms est, au sens du code du travail, un OPMQ (observatoire prospectif des m\u00e9tiers et [&hellip;]<\/p>\n","protected":false},"author":0,"featured_media":0,"comment_status":"open","ping_status":"open","sticky":false,"template":"","format":"standard","meta":[],"categories":[1],"tags":[],"_links":{"self":[{"href":"https:\/\/cftc-syntec.fr\/testimport\/wp-json\/wp\/v2\/posts\/4602"}],"collection":[{"href":"https:\/\/cftc-syntec.fr\/testimport\/wp-json\/wp\/v2\/posts"}],"about":[{"href":"https:\/\/cftc-syntec.fr\/testimport\/wp-json\/wp\/v2\/types\/post"}],"replies":[{"embeddable":true,"href":"https:\/\/cftc-syntec.fr\/testimport\/wp-json\/wp\/v2\/comments?post=4602"}],"version-history":[{"count":0,"href":"https:\/\/cftc-syntec.fr\/testimport\/wp-json\/wp\/v2\/posts\/4602\/revisions"}],"wp:attachment":[{"href":"https:\/\/cftc-syntec.fr\/testimport\/wp-json\/wp\/v2\/media?parent=4602"}],"wp:term":[{"taxonomy":"category","embeddable":true,"href":"https:\/\/cftc-syntec.fr\/testimport\/wp-json\/wp\/v2\/categories?post=4602"},{"taxonomy":"post_tag","embeddable":true,"href":"https:\/\/cftc-syntec.fr\/testimport\/wp-json\/wp\/v2\/tags?post=4602"}],"curies":[{"name":"wp","href":"https:\/\/api.w.org\/{rel}","templated":true}]}}