{"id":4604,"date":"2022-12-22T18:18:03","date_gmt":"2022-12-22T17:18:03","guid":{"rendered":"https:\/\/cftc-syntec.fr\/testimport\/le-congres-du-sicsti-sest-tenu-le-16-novembre-a-paris\/"},"modified":"2022-12-22T18:18:03","modified_gmt":"2022-12-22T17:18:03","slug":"le-congres-du-sicsti-sest-tenu-le-16-novembre-a-paris","status":"publish","type":"post","link":"https:\/\/cftc-syntec.fr\/testimport\/le-congres-du-sicsti-sest-tenu-le-16-novembre-a-paris\/","title":{"rendered":"LE CONGR\u00c8S DU SICSTI S\u2019EST TENU LE 16 NOVEMBRE \u00c0 PARIS"},"content":{"rendered":"<p class=\"has-background\">Le Syndicat national de l\u2019Ing\u00e9nierie, du Conseil, des Services et Technologies de l\u2019Information (SICSTI) est un syndicat national, qui fait partie de la f\u00e9d\u00e9ration CFTC Media+.<br \/>Il couvre la totalit\u00e9 du p\u00e9rim\u00e8tre de la branche BETIC -Bureau des Etudes Techniques et des Ing\u00e9nieurs Conseil \u2013 qui repr\u00e9sente 80 000 entreprises, employant plus de 900 000 salari\u00e9s, dont 63% de cadres.<br \/>Il a vocation \u00e0 accueillir l\u2019ensemble des salari\u00e9s rattach\u00e9s \u00e0 la Convention Collective \u00ab SYNTEC \u00bb<\/p>\n<p class=\"has-text-color\"><strong>Le nouveau bureau du Sicsti<\/strong><\/p>\n<p><strong>Pr\u00e9sident :<\/strong> Louis Duvaux<br \/><strong>Vice-pr\u00e9sidents :<\/strong> Christophe Ecollan, Rodolphe Baele et Fadila Goudjil<br \/><strong>Secr\u00e9taire g\u00e9n\u00e9rale :<\/strong> Agn\u00e8s Hauenstein<br \/><strong>Tr\u00e9sorier : <\/strong>Jean-Guy Duba<br \/><strong>Tr\u00e9sorier adjoint : <\/strong>Fran\u00e7ois Hervieu<\/p>\n<p class=\"has-text-color\"><strong>Les secr\u00e9taires g\u00e9n\u00e9raux adjoints et copilotes<\/strong><\/p>\n<p><strong>Secr\u00e9taire g\u00e9n\u00e9ral adjoint charg\u00e9 de l\u2019int\u00e9rim et des \u00e9lections :<\/strong> Vincent Loze<br \/><strong>Copilote :<\/strong> Sandra Dewelle<br \/><strong>Secr\u00e9taire g\u00e9n\u00e9ral adjoint charg\u00e9 de la formation :<\/strong> Jean-Philippe Mondon<br \/><strong>Copilote :<\/strong> Maike Elisabeth Roemer                                                                                                                         <strong>Secr\u00e9taire g\u00e9n\u00e9rale adjointe charg\u00e9e de la Communication Interne &amp; Externe :<\/strong> Anne Findelair<br \/><strong>Secr\u00e9taire g\u00e9n\u00e9ral adjoint charg\u00e9 des Accords d\u2019entreprise :<\/strong> Ren\u00e9 Paul Jouvance<br \/><strong>Secr\u00e9taire g\u00e9n\u00e9ral adjoint charg\u00e9 du Suivi des Sections : <\/strong>Eric Degrange<br \/><strong>Copilote :<\/strong> Arielle Coquin<br \/><strong>Secr\u00e9taire g\u00e9n\u00e9ral adjoint charg\u00e9 de Soin des autres \u2013 Agape-Handicap : <\/strong>Frank Turosz<br \/><strong>Copilote : <\/strong>Alexandra Melville<br \/><strong>Secr\u00e9taire g\u00e9n\u00e9ral adjoint charg\u00e9 d\u2019animation Territoriale :<\/strong> Pierre Rouve<br \/><strong>Secr\u00e9taire g\u00e9n\u00e9rale adjointe charg\u00e9e d\u2019\u00e9v\u00e9nementiel :<\/strong> Brigitte Marien<\/p>\n<p class=\"has-text-color\"><strong>Les sept charg\u00e9s de mission<\/strong><\/p>\n<p><strong>Charg\u00e9 du Rgpd et de la Conformit\u00e9 : <\/strong>Gr\u00e9goire Dacheux<br \/><strong>Charg\u00e9 des Supports de campagnes :<\/strong> Frank Daniel<br \/><strong>Charg\u00e9 d\u2019agape :<\/strong> Bruno De Montis<br \/><strong>Charg\u00e9 du handicap :<\/strong> G\u00e9rard Gavinet<br \/><strong>Charg\u00e9e de l\u2019accueil des adh\u00e9rents et des mandat\u00e9s : <\/strong>Diane Seurrat<br \/><strong>Charg\u00e9 de la formation Fime et CSE : <\/strong>Alain Godefroy<br \/><strong>Charg\u00e9 du site boutique et des partenariats<\/strong> : Gilles Ambonne<\/p>\n<p>Bonne continuation \u00e0 cette \u00e9quipe !<\/p>\n<\/p>\n<p>L\u2019article <a href=\"https:\/\/www.cftcmediaplus.fr\/syndicats\/le-congres-du-sicsti-sest-tenu-le-16-novembre-a-paris\/\">LE CONGR\u00c8S DU SICSTI S\u2019EST TENU LE 16 NOVEMBRE \u00c0 PARIS<\/a> est apparu en premier sur <a href=\"https:\/\/www.cftcmediaplus.fr\/\">CFTC Media Plus<\/a>.<\/p>\n","protected":false},"excerpt":{"rendered":"<p>Le Syndicat national de l\u2019Ing\u00e9nierie, du Conseil, des Services et Technologies de l\u2019Information (SICSTI) est un syndicat national, qui fait partie de la f\u00e9d\u00e9ration CFTC Media+.Il couvre la totalit\u00e9 du p\u00e9rim\u00e8tre de la branche BETIC -Bureau des Etudes Techniques et des Ing\u00e9nieurs Conseil \u2013 qui repr\u00e9sente 80 000 entreprises, employant plus de 900 000 salari\u00e9s, [&hellip;]<\/p>\n","protected":false},"author":0,"featured_media":0,"comment_status":"open","ping_status":"open","sticky":false,"template":"","format":"standard","meta":[],"categories":[1],"tags":[],"_links":{"self":[{"href":"https:\/\/cftc-syntec.fr\/testimport\/wp-json\/wp\/v2\/posts\/4604"}],"collection":[{"href":"https:\/\/cftc-syntec.fr\/testimport\/wp-json\/wp\/v2\/posts"}],"about":[{"href":"https:\/\/cftc-syntec.fr\/testimport\/wp-json\/wp\/v2\/types\/post"}],"replies":[{"embeddable":true,"href":"https:\/\/cftc-syntec.fr\/testimport\/wp-json\/wp\/v2\/comments?post=4604"}],"version-history":[{"count":0,"href":"https:\/\/cftc-syntec.fr\/testimport\/wp-json\/wp\/v2\/posts\/4604\/revisions"}],"wp:attachment":[{"href":"https:\/\/cftc-syntec.fr\/testimport\/wp-json\/wp\/v2\/media?parent=4604"}],"wp:term":[{"taxonomy":"category","embeddable":true,"href":"https:\/\/cftc-syntec.fr\/testimport\/wp-json\/wp\/v2\/categories?post=4604"},{"taxonomy":"post_tag","embeddable":true,"href":"https:\/\/cftc-syntec.fr\/testimport\/wp-json\/wp\/v2\/tags?post=4604"}],"curies":[{"name":"wp","href":"https:\/\/api.w.org\/{rel}","templated":true}]}}