{"id":4605,"date":"2022-12-23T10:29:38","date_gmt":"2022-12-23T09:29:38","guid":{"rendered":"https:\/\/cftc-syntec.fr\/testimport\/un-village-cftc-devant-le-siege-de-la-poste\/"},"modified":"2022-12-23T10:29:38","modified_gmt":"2022-12-23T09:29:38","slug":"un-village-cftc-devant-le-siege-de-la-poste","status":"publish","type":"post","link":"https:\/\/cftc-syntec.fr\/testimport\/un-village-cftc-devant-le-siege-de-la-poste\/","title":{"rendered":"UN VILLAGE CFTC DEVANT LE SI\u00c8GE DE LA POSTE"},"content":{"rendered":"<p>Dans le cadre des \u00e9lections CAP\/CCP pour les salari\u00e9s et fonctionnaires du Groupe La Poste, la F\u00e9d\u00e9ration, le jeudi 1er d\u00e9cembre, a organis\u00e9, avec l\u2019aide de la Conf\u00e9d\u00e9ration, un village CFTC au Lemnys, le si\u00e8ge embl\u00e9matique postal de Paris dans le 15e arrondissement. Postiers ou non, les militants CFTC ont \u00e9t\u00e9 nombreux \u00e0 assister \u00e0 ce rendez-vous. L\u2019URIF CFTC et la CFTC Cadres sont venus nous soutenir.<\/p>\n<p>Nous avons re\u00e7u un accueil chaleureux des postiers du Lemnys, qui voient de plus en plus de bleus\u2026<\/p>\n<p>Merci \u00e0 tous les militants pr\u00e9sents malgr\u00e9 le froid !<\/p>\n<\/p>\n<p>L\u2019article <a href=\"https:\/\/www.cftcmediaplus.fr\/postes\/un-village-cftc-devant-le-siege-de-la-poste\/\">UN VILLAGE CFTC DEVANT LE SI\u00c8GE DE LA POSTE<\/a> est apparu en premier sur <a href=\"https:\/\/www.cftcmediaplus.fr\/\">CFTC Media Plus<\/a>.<\/p>\n","protected":false},"excerpt":{"rendered":"<p>Dans le cadre des \u00e9lections CAP\/CCP pour les salari\u00e9s et fonctionnaires du Groupe La Poste, la F\u00e9d\u00e9ration, le jeudi 1er d\u00e9cembre, a organis\u00e9, avec l\u2019aide de la Conf\u00e9d\u00e9ration, un village CFTC au Lemnys, le si\u00e8ge embl\u00e9matique postal de Paris dans le 15e arrondissement. Postiers ou non, les militants CFTC ont \u00e9t\u00e9 nombreux \u00e0 assister \u00e0 [&hellip;]<\/p>\n","protected":false},"author":0,"featured_media":0,"comment_status":"open","ping_status":"open","sticky":false,"template":"","format":"standard","meta":[],"categories":[1],"tags":[],"_links":{"self":[{"href":"https:\/\/cftc-syntec.fr\/testimport\/wp-json\/wp\/v2\/posts\/4605"}],"collection":[{"href":"https:\/\/cftc-syntec.fr\/testimport\/wp-json\/wp\/v2\/posts"}],"about":[{"href":"https:\/\/cftc-syntec.fr\/testimport\/wp-json\/wp\/v2\/types\/post"}],"replies":[{"embeddable":true,"href":"https:\/\/cftc-syntec.fr\/testimport\/wp-json\/wp\/v2\/comments?post=4605"}],"version-history":[{"count":0,"href":"https:\/\/cftc-syntec.fr\/testimport\/wp-json\/wp\/v2\/posts\/4605\/revisions"}],"wp:attachment":[{"href":"https:\/\/cftc-syntec.fr\/testimport\/wp-json\/wp\/v2\/media?parent=4605"}],"wp:term":[{"taxonomy":"category","embeddable":true,"href":"https:\/\/cftc-syntec.fr\/testimport\/wp-json\/wp\/v2\/categories?post=4605"},{"taxonomy":"post_tag","embeddable":true,"href":"https:\/\/cftc-syntec.fr\/testimport\/wp-json\/wp\/v2\/tags?post=4605"}],"curies":[{"name":"wp","href":"https:\/\/api.w.org\/{rel}","templated":true}]}}