{"id":4608,"date":"2022-12-24T10:33:53","date_gmt":"2022-12-24T09:33:53","guid":{"rendered":"https:\/\/cftc-syntec.fr\/testimport\/in-memoriam\/"},"modified":"2022-12-24T10:33:53","modified_gmt":"2022-12-24T09:33:53","slug":"in-memoriam","status":"publish","type":"post","link":"https:\/\/cftc-syntec.fr\/testimport\/in-memoriam\/","title":{"rendered":"IN MEMORIAM"},"content":{"rendered":"<div class=\"wp-block-image\">\n<\/div>\n<p class=\"has-text-color\"><strong>D\u00e9c\u00e8s de Jean-Louis Liot<\/strong><\/p>\n<p>Jean-Louis LIOT est d\u00e9c\u00e9d\u00e9 brutalement le 26 septembre \u00e0 l\u2019\u00e2ge de 62 ans.<\/p>\n<p>Jean-Louis \u00e9tait retrait\u00e9 depuis peu apr\u00e8s un long engagement syndical postal et interprofessionnel dans la Manche.<br \/>Il a dirig\u00e9 de longues ann\u00e9es et jusqu\u2019 \u00e0 sa retraite le syndicat CFTC des Postes et des T\u00e9l\u00e9communications de la Manche. Il a \u00e9galement si\u00e9g\u00e9 au Secteur des Postes de la F\u00e9d\u00e9ration puis \u00e0 la Section Nationale<br \/>La Poste lors de sa cr\u00e9ation.<\/p>\n<p>Jean-Louis \u00e9tait en personnage embl\u00e9matique dans la Manche et nous garderons tous en m\u00e9moire l\u2019homme franc et loyal qu\u2019il \u00e9tait. Nous avons aujourd\u2019hui une pens\u00e9e tr\u00e8s \u00e9mue pour sa femme, ses deux enfants, sa famille et toutes celles et ceux qui ont travaill\u00e9 \u00e0 ses c\u00f4t\u00e9s et qui l\u2019ont appr\u00e9ci\u00e9 toutes ces ann\u00e9es.<br \/>Qu\u2019il repose en paix.<\/p>\n<\/p>\n<div class=\"wp-block-image\">\n<\/div>\n<p class=\"has-text-color\"><strong>Un dernier au revoir \u00e0 Nicolas Faber<\/strong><\/p>\n<p>C\u2019est avec une immense tristesse que nous vous faisons part du d\u00e9c\u00e8s de Nicolas Faber, membre du Bureau de la F\u00e9d\u00e9ration CFTC Media+, survenu le lundi 31 octobre.<\/p>\n<p>Entr\u00e9 en 1989 dans le groupe Bouygues, il y a fait une belle carri\u00e8re, participant, entre autres, \u00e0 l\u2019obtention de certifications environnementales des b\u00e2timents des si\u00e8ges du Groupe. Investi au service des collaborateurs du groupe Bouygues, chez Bouygues Construction, il a rejoint les rangs de la CFTC en tant que d\u00e9l\u00e9gu\u00e9 syndical, puis, de 2007 \u00e0 2019, chez Bouygues Telecom il a \u0153uvr\u00e9 en qualit\u00e9 de d\u00e9l\u00e9gu\u00e9 syndical central. Enfin, au sein de l\u2019Union CFTC des m\u00e9tiers du Groupe Bouygues, il a occup\u00e9 la fonction de secr\u00e9taire g\u00e9n\u00e9ral. Responsable du Secteur des Telecoms, n\u00e9gociateur de la branche professionnelle des T\u00e9l\u00e9communications, membre actif de son Syndicat Telecom Ile de France, Nicolas incarnait pleinement le syndicalisme CFTC de construction et de n\u00e9gociation au service des personnels.<\/p>\n<p>Il \u00e9tait unanimement appr\u00e9ci\u00e9 et respect\u00e9 dans ses nombreux mandats, comme en t\u00e9moignent le grand nombre de mots d\u2019amiti\u00e9 re\u00e7us \u00e0 la F\u00e9d\u00e9ration. Son \u00e9nergie communicative, son sens de la strat\u00e9gie au service de notre mouvement, sa vision positive et son incroyable combativit\u00e9 resteront pour nous tous un exemple.<\/p>\n<p>Nos pens\u00e9es vont \u00e0 sa femme et \u00e0 ses trois enfants, ainsi qu\u2019aux \u00e9quipes CFTC chez Bouygues et \u00e0 tous ceux qui l\u2019ont c\u00f4toy\u00e9.<\/p>\n<p>L\u2019article <a href=\"https:\/\/www.cftcmediaplus.fr\/federation\/in-memoriam\/\">IN MEMORIAM<\/a> est apparu en premier sur <a href=\"https:\/\/www.cftcmediaplus.fr\/\">CFTC Media Plus<\/a>.<\/p>\n","protected":false},"excerpt":{"rendered":"<p>D\u00e9c\u00e8s de Jean-Louis Liot Jean-Louis LIOT est d\u00e9c\u00e9d\u00e9 brutalement le 26 septembre \u00e0 l\u2019\u00e2ge de 62 ans. Jean-Louis \u00e9tait retrait\u00e9 depuis peu apr\u00e8s un long engagement syndical postal et interprofessionnel dans la Manche.Il a dirig\u00e9 de longues ann\u00e9es et jusqu\u2019 \u00e0 sa retraite le syndicat CFTC des Postes et des T\u00e9l\u00e9communications de la Manche. Il [&hellip;]<\/p>\n","protected":false},"author":0,"featured_media":0,"comment_status":"open","ping_status":"open","sticky":false,"template":"","format":"standard","meta":[],"categories":[1],"tags":[],"_links":{"self":[{"href":"https:\/\/cftc-syntec.fr\/testimport\/wp-json\/wp\/v2\/posts\/4608"}],"collection":[{"href":"https:\/\/cftc-syntec.fr\/testimport\/wp-json\/wp\/v2\/posts"}],"about":[{"href":"https:\/\/cftc-syntec.fr\/testimport\/wp-json\/wp\/v2\/types\/post"}],"replies":[{"embeddable":true,"href":"https:\/\/cftc-syntec.fr\/testimport\/wp-json\/wp\/v2\/comments?post=4608"}],"version-history":[{"count":0,"href":"https:\/\/cftc-syntec.fr\/testimport\/wp-json\/wp\/v2\/posts\/4608\/revisions"}],"wp:attachment":[{"href":"https:\/\/cftc-syntec.fr\/testimport\/wp-json\/wp\/v2\/media?parent=4608"}],"wp:term":[{"taxonomy":"category","embeddable":true,"href":"https:\/\/cftc-syntec.fr\/testimport\/wp-json\/wp\/v2\/categories?post=4608"},{"taxonomy":"post_tag","embeddable":true,"href":"https:\/\/cftc-syntec.fr\/testimport\/wp-json\/wp\/v2\/tags?post=4608"}],"curies":[{"name":"wp","href":"https:\/\/api.w.org\/{rel}","templated":true}]}}